{"id":1215,"date":"2023-03-17T14:51:26","date_gmt":"2023-03-17T13:51:26","guid":{"rendered":"https:\/\/edihadria.eu\/?p=1215"},"modified":"2023-06-29T15:40:51","modified_gmt":"2023-06-29T13:40:51","slug":"edih-adria-predstavljen-na-panel-raspravi-digitalizacija-poslovanja-i-prodaje-kljuc-do-uspjeha","status":"publish","type":"post","link":"https:\/\/edihadria.eu\/en\/edih-adria-predstavljen-na-panel-raspravi-digitalizacija-poslovanja-i-prodaje-kljuc-do-uspjeha\/","title":{"rendered":"EDIH Adria presented at the panel discussion \u201cDigitisation of business and sales \u2013 key to success\u201d"},"content":{"rendered":"<figure class=\"wp-block-image size-large is-resized\"><img fetchpriority=\"high\" decoding=\"async\" src=\"https:\/\/edihadria.eu\/wp-content\/uploads\/2023\/03\/img-1bc14650f8c38eec68ae2a0594b15609-v.jpg__1200x0_q85_crop_subsampling-2-1024x768.jpg\" alt=\"Source: Istrian Development Agency IDA \" class=\"wp-image-1216\" width=\"768\" height=\"576\" srcset=\"https:\/\/edihadria.eu\/wp-content\/uploads\/2023\/03\/img-1bc14650f8c38eec68ae2a0594b15609-v.jpg__1200x0_q85_crop_subsampling-2-1024x768.jpg 1024w, https:\/\/edihadria.eu\/wp-content\/uploads\/2023\/03\/img-1bc14650f8c38eec68ae2a0594b15609-v.jpg__1200x0_q85_crop_subsampling-2-300x225.jpg 300w, https:\/\/edihadria.eu\/wp-content\/uploads\/2023\/03\/img-1bc14650f8c38eec68ae2a0594b15609-v.jpg__1200x0_q85_crop_subsampling-2-768x576.jpg 768w, https:\/\/edihadria.eu\/wp-content\/uploads\/2023\/03\/img-1bc14650f8c38eec68ae2a0594b15609-v.jpg__1200x0_q85_crop_subsampling-2.jpg 1200w\" sizes=\"(max-width: 768px) 100vw, 768px\" \/><figcaption class=\"wp-element-caption\">Source: Istrian Development Agency IDA<\/figcaption><\/figure>\n\n\n\n<p class=\"wp-block-paragraph\">On 16 March 2023, the Istrian Development Agency \u2013 IDA d.o.o. and Algebra d.o.o. for adult education and services organised an interesting panel discussion and the twelfth in a series of workshops, which the Istrian Development Agency \u2013 IDA d.o.o. is implementing in 2023 as part of the COWORKING Pula project, co-financed by the European Regional Development Fund within the ITU mechanism for the urban area of Pula.<br>Today's panel discussion on the topic<strong> Digitalisation of business and sales \u2013 key to success<\/strong> and a workshop on the topic <strong>The Potential of IoT Technology<\/strong>, was followed live and online by approximately 20 participants.<\/p>\n\n\n\n<p class=\"wp-block-paragraph\">Panel discussion participants: <strong>Marijo Volarevi\u0107<\/strong> \u2013 currently Chief Digital Officer at JGL d.d. with many years of experience in managing the digital transformation of products, companies and business models worldwide,<strong> Zoran Popovi\u0107<\/strong> - senior technical project manager at Valamar Riviera, the largest and leading tourism company in Croatia, <strong>Damir Medved<\/strong> - Director of EDIH Adria (European Digital Innovation HUB) whose main goal is to enable small entrepreneurs and local self-government units to accelerate the process of digitization of their organizations, <strong>Domagoj Ostovi\u0107 <\/strong>\u2013 owner and director of the award-winning Labin company Lloyds digital, which develops digital products \u2013 software solutions and mobile applications; <strong>Bernard \u010cupi\u0107<\/strong> - software system architect at the Pula company Mali Mol d.o.o., which is engaged in the design and development of 3D applications, explained to the participants how the digital transformation of business and sales can positively affect cost reduction, but also enable easier or automated communication with clients.<\/p>\n\n\n\n<p class=\"wp-block-paragraph\">The panel discussion was followed by a practical workshop Potential of IoT technology (lecturer Marijo Volarevi\u0107), which gave entrepreneurs insight into the opportunities that IoT (Internet of Things) provides in various activities\/industries through practical examples of using IoT in healthcare, education, transport, retail and many other areas, which indicates the overall potential of IoT.<br>Through the presented practical examples of IoT implementation, entrepreneurs can understand the benefits of IoT and are able to implement related technologies in their own business.<\/p>\n\n\n\n<p class=\"wp-block-paragraph\">These events shall be carried out in a hybrid manner; live and at the same time online, in order to provide access to knowledge for as wide a circle of interested participants as possible. The recording of each event will also be available on Facebook and YouTube channels of the Istrian Development Agency and the future Coworking Centre Pula.<\/p>\n\n\n\n<p class=\"wp-block-paragraph\">More about <strong>panel discussion<\/strong> find out by watching the video on <a href=\"https:\/\/m.facebook.com\/story.php?story_fbid=pfbid0Z3SL1nMFEG4uEvsaKZp2HHrDZmgq7VzLuAhRYzUAcUeMMo7ZJ3yjq1Z9tnB2z5rRl&amp;id=100076033726218\">Facebook page<\/a> i <a href=\"https:\/\/youtu.be\/uxDVWUnXcqg\">YouTube channel<\/a> the Istrian Development Agency.<\/p>\n\n\n\n<p class=\"wp-block-paragraph\">More about <strong>workshop<\/strong> find out by watching the video on <a href=\"https:\/\/m.facebook.com\/story.php?story_fbid=pfbid02tSXBNcvo4K33fcM3MofjEu7N4VU8asG2Xhx6zoXAh718zjNecBjgoTcmwDfhtVf6l&amp;id=100076033726218\">Facebook page<\/a> i <a href=\"https:\/\/youtu.be\/VdeSoJTStrQ\">YouTube channel<\/a>&nbsp;the Istrian Development Agency.<\/p>","protected":false},"excerpt":{"rendered":"<p>On 16 March 2023, an interesting panel discussion was organised by the Istrian Development Agency \u2013 IDA d.o.o. and the company Algebra d.o.o. for adult education and services, and the twelfth in a series of workshops, carried out by the Istrian Development Agency \u2013 IDA d.o.o. in 2023 as part of the COWORKING Pula project, co-financed by the European Regional [...]<\/p>","protected":false},"author":6,"featured_media":1216,"comment_status":"closed","ping_status":"open","sticky":false,"template":"","format":"standard","meta":{"footnotes":""},"categories":[50],"tags":[52],"class_list":["post-1215","post","type-post","status-publish","format-standard","has-post-thumbnail","hentry","category-novosti","tag-national"],"yoast_head":"<!-- This site is optimized with the Yoast SEO plugin v28.3 - https:\/\/yoast.com\/product\/yoast-seo-wordpress\/ -->\n<title>EDIH Adria predstavljen na panel raspravi &#039;Digitalizacija poslovanja i prodaje \u2013 klju\u010d do uspjeha&#039; - Digitalizacija Jadranske Hrvatske<\/title>\n<meta name=\"robots\" content=\"index, follow, max-snippet:-1, max-image-preview:large, max-video-preview:-1\" \/>\n<link rel=\"canonical\" href=\"https:\/\/edihadria.eu\/en\/edih-adria-predstavljen-na-panel-raspravi-digitalizacija-poslovanja-i-prodaje-kljuc-do-uspjeha\/\" \/>\n<meta property=\"og:locale\" content=\"en_GB\" \/>\n<meta property=\"og:type\" content=\"article\" \/>\n<meta property=\"og:title\" content=\"EDIH Adria predstavljen na panel raspravi &#039;Digitalizacija poslovanja i prodaje \u2013 klju\u010d do uspjeha&#039; - Digitalizacija Jadranske Hrvatske\" \/>\n<meta property=\"og:description\" content=\"16. o\u017eujka 2023. godine u organizaciji Istarske razvojne agencije \u2013 IDA d.o.o. i tvrtke Algebra d.o.o. za obrazovanje odraslih i usluge odr\u017eana je zanimljiva panel rasprava i dvanaesta u nizu radionica, koje Istarska razvojna agencija \u2013 IDA d.o.o. provodi tijekom 2023. godine u sklopu projekta COWORKING Pula, koji se sufinancira iz Europskog fonda za regionalni [&hellip;]\" \/>\n<meta property=\"og:url\" content=\"https:\/\/edihadria.eu\/en\/edih-adria-predstavljen-na-panel-raspravi-digitalizacija-poslovanja-i-prodaje-kljuc-do-uspjeha\/\" \/>\n<meta property=\"og:site_name\" content=\"Digitalizacija Jadranske Hrvatske\" \/>\n<meta property=\"article:published_time\" content=\"2023-03-17T13:51:26+00:00\" \/>\n<meta property=\"article:modified_time\" content=\"2023-06-29T13:40:51+00:00\" \/>\n<meta property=\"og:image\" content=\"https:\/\/edihadria.eu\/wp-content\/uploads\/2023\/03\/img-1bc14650f8c38eec68ae2a0594b15609-v.jpg__1200x0_q85_crop_subsampling-2.jpg\" \/>\n\t<meta property=\"og:image:width\" content=\"1200\" \/>\n\t<meta property=\"og:image:height\" content=\"900\" \/>\n\t<meta property=\"og:image:type\" content=\"image\/jpeg\" \/>\n<meta name=\"author\" content=\"Emira Brki\u0107 Karnin\u010di\u0107\" \/>\n<meta name=\"twitter:card\" content=\"summary_large_image\" \/>\n<meta name=\"twitter:label1\" content=\"Written by\" \/>\n\t<meta name=\"twitter:data1\" content=\"Emira Brki\u0107 Karnin\u010di\u0107\" \/>\n\t<meta name=\"twitter:label2\" content=\"Estimated reading time\" \/>\n\t<meta name=\"twitter:data2\" content=\"3 minutes\" \/>\n<script type=\"application\/ld+json\" class=\"yoast-schema-graph\">{\"@context\":\"https:\\\/\\\/schema.org\",\"@graph\":[{\"@type\":\"Article\",\"@id\":\"https:\\\/\\\/edihadria.eu\\\/edih-adria-predstavljen-na-panel-raspravi-digitalizacija-poslovanja-i-prodaje-kljuc-do-uspjeha\\\/#article\",\"isPartOf\":{\"@id\":\"https:\\\/\\\/edihadria.eu\\\/edih-adria-predstavljen-na-panel-raspravi-digitalizacija-poslovanja-i-prodaje-kljuc-do-uspjeha\\\/\"},\"author\":{\"name\":\"Emira Brki\u0107 Karnin\u010di\u0107\",\"@id\":\"https:\\\/\\\/edihadria.eu\\\/#\\\/schema\\\/person\\\/94df10824533eca3d05833421d2ba13e\"},\"headline\":\"EDIH Adria predstavljen na panel raspravi &#8216;Digitalizacija poslovanja i prodaje \u2013 klju\u010d do uspjeha&#8217;\",\"datePublished\":\"2023-03-17T13:51:26+00:00\",\"dateModified\":\"2023-06-29T13:40:51+00:00\",\"mainEntityOfPage\":{\"@id\":\"https:\\\/\\\/edihadria.eu\\\/edih-adria-predstavljen-na-panel-raspravi-digitalizacija-poslovanja-i-prodaje-kljuc-do-uspjeha\\\/\"},\"wordCount\":435,\"publisher\":{\"@id\":\"https:\\\/\\\/edihadria.eu\\\/#organization\"},\"image\":{\"@id\":\"https:\\\/\\\/edihadria.eu\\\/edih-adria-predstavljen-na-panel-raspravi-digitalizacija-poslovanja-i-prodaje-kljuc-do-uspjeha\\\/#primaryimage\"},\"thumbnailUrl\":\"https:\\\/\\\/edihadria.eu\\\/wp-content\\\/uploads\\\/2023\\\/03\\\/img-1bc14650f8c38eec68ae2a0594b15609-v.jpg__1200x0_q85_crop_subsampling-2.jpg\",\"keywords\":[\"National\"],\"articleSection\":[\"Novosti\"],\"inLanguage\":\"en-GB\"},{\"@type\":\"WebPage\",\"@id\":\"https:\\\/\\\/edihadria.eu\\\/edih-adria-predstavljen-na-panel-raspravi-digitalizacija-poslovanja-i-prodaje-kljuc-do-uspjeha\\\/\",\"url\":\"https:\\\/\\\/edihadria.eu\\\/edih-adria-predstavljen-na-panel-raspravi-digitalizacija-poslovanja-i-prodaje-kljuc-do-uspjeha\\\/\",\"name\":\"EDIH Adria predstavljen na panel raspravi 'Digitalizacija poslovanja i prodaje \u2013 klju\u010d do uspjeha' - Digitalizacija Jadranske Hrvatske\",\"isPartOf\":{\"@id\":\"https:\\\/\\\/edihadria.eu\\\/#website\"},\"primaryImageOfPage\":{\"@id\":\"https:\\\/\\\/edihadria.eu\\\/edih-adria-predstavljen-na-panel-raspravi-digitalizacija-poslovanja-i-prodaje-kljuc-do-uspjeha\\\/#primaryimage\"},\"image\":{\"@id\":\"https:\\\/\\\/edihadria.eu\\\/edih-adria-predstavljen-na-panel-raspravi-digitalizacija-poslovanja-i-prodaje-kljuc-do-uspjeha\\\/#primaryimage\"},\"thumbnailUrl\":\"https:\\\/\\\/edihadria.eu\\\/wp-content\\\/uploads\\\/2023\\\/03\\\/img-1bc14650f8c38eec68ae2a0594b15609-v.jpg__1200x0_q85_crop_subsampling-2.jpg\",\"datePublished\":\"2023-03-17T13:51:26+00:00\",\"dateModified\":\"2023-06-29T13:40:51+00:00\",\"breadcrumb\":{\"@id\":\"https:\\\/\\\/edihadria.eu\\\/edih-adria-predstavljen-na-panel-raspravi-digitalizacija-poslovanja-i-prodaje-kljuc-do-uspjeha\\\/#breadcrumb\"},\"inLanguage\":\"en-GB\",\"potentialAction\":[{\"@type\":\"ReadAction\",\"target\":[\"https:\\\/\\\/edihadria.eu\\\/edih-adria-predstavljen-na-panel-raspravi-digitalizacija-poslovanja-i-prodaje-kljuc-do-uspjeha\\\/\"]}]},{\"@type\":\"ImageObject\",\"inLanguage\":\"en-GB\",\"@id\":\"https:\\\/\\\/edihadria.eu\\\/edih-adria-predstavljen-na-panel-raspravi-digitalizacija-poslovanja-i-prodaje-kljuc-do-uspjeha\\\/#primaryimage\",\"url\":\"https:\\\/\\\/edihadria.eu\\\/wp-content\\\/uploads\\\/2023\\\/03\\\/img-1bc14650f8c38eec68ae2a0594b15609-v.jpg__1200x0_q85_crop_subsampling-2.jpg\",\"contentUrl\":\"https:\\\/\\\/edihadria.eu\\\/wp-content\\\/uploads\\\/2023\\\/03\\\/img-1bc14650f8c38eec68ae2a0594b15609-v.jpg__1200x0_q85_crop_subsampling-2.jpg\",\"width\":1200,\"height\":900},{\"@type\":\"BreadcrumbList\",\"@id\":\"https:\\\/\\\/edihadria.eu\\\/edih-adria-predstavljen-na-panel-raspravi-digitalizacija-poslovanja-i-prodaje-kljuc-do-uspjeha\\\/#breadcrumb\",\"itemListElement\":[{\"@type\":\"ListItem\",\"position\":1,\"name\":\"Po\u010detna stranica\",\"item\":\"https:\\\/\\\/edihadria.eu\\\/\"},{\"@type\":\"ListItem\",\"position\":2,\"name\":\"EDIH Adria predstavljen na panel raspravi &#8216;Digitalizacija poslovanja i prodaje \u2013 klju\u010d do uspjeha&#8217;\"}]},{\"@type\":\"WebSite\",\"@id\":\"https:\\\/\\\/edihadria.eu\\\/#website\",\"url\":\"https:\\\/\\\/edihadria.eu\\\/\",\"name\":\"Digitalizacija Jadranske Hrvatske\",\"description\":\"EDIH Adria\",\"publisher\":{\"@id\":\"https:\\\/\\\/edihadria.eu\\\/#organization\"},\"potentialAction\":[{\"@type\":\"SearchAction\",\"target\":{\"@type\":\"EntryPoint\",\"urlTemplate\":\"https:\\\/\\\/edihadria.eu\\\/?s={search_term_string}\"},\"query-input\":{\"@type\":\"PropertyValueSpecification\",\"valueRequired\":true,\"valueName\":\"search_term_string\"}}],\"inLanguage\":\"en-GB\"},{\"@type\":\"Organization\",\"@id\":\"https:\\\/\\\/edihadria.eu\\\/#organization\",\"name\":\"Digitalizacija Jadranske Hrvatske\",\"url\":\"https:\\\/\\\/edihadria.eu\\\/\",\"logo\":{\"@type\":\"ImageObject\",\"inLanguage\":\"en-GB\",\"@id\":\"https:\\\/\\\/edihadria.eu\\\/#\\\/schema\\\/logo\\\/image\\\/\",\"url\":\"https:\\\/\\\/edihadria.eu\\\/wp-content\\\/uploads\\\/2022\\\/11\\\/Logo-dark.png\",\"contentUrl\":\"https:\\\/\\\/edihadria.eu\\\/wp-content\\\/uploads\\\/2022\\\/11\\\/Logo-dark.png\",\"width\":477,\"height\":168,\"caption\":\"Digitalizacija Jadranske Hrvatske\"},\"image\":{\"@id\":\"https:\\\/\\\/edihadria.eu\\\/#\\\/schema\\\/logo\\\/image\\\/\"}},{\"@type\":\"Person\",\"@id\":\"https:\\\/\\\/edihadria.eu\\\/#\\\/schema\\\/person\\\/94df10824533eca3d05833421d2ba13e\",\"name\":\"Emira Brki\u0107 Karnin\u010di\u0107\",\"image\":{\"@type\":\"ImageObject\",\"inLanguage\":\"en-GB\",\"@id\":\"https:\\\/\\\/secure.gravatar.com\\\/avatar\\\/58d43152b49f80266f4b77e32b6c0b6906b893055e2ac7146e54259130e7f780?s=96&d=mm&r=g\",\"url\":\"https:\\\/\\\/secure.gravatar.com\\\/avatar\\\/58d43152b49f80266f4b77e32b6c0b6906b893055e2ac7146e54259130e7f780?s=96&d=mm&r=g\",\"contentUrl\":\"https:\\\/\\\/secure.gravatar.com\\\/avatar\\\/58d43152b49f80266f4b77e32b6c0b6906b893055e2ac7146e54259130e7f780?s=96&d=mm&r=g\",\"caption\":\"Emira Brki\u0107 Karnin\u010di\u0107\"},\"url\":\"https:\\\/\\\/edihadria.eu\\\/en\\\/author\\\/emira\\\/\"}]}<\/script>\n<!-- \/ Yoast SEO plugin. -->","yoast_head_json":{"title":"EDIH Adria predstavljen na panel raspravi 'Digitalizacija poslovanja i prodaje \u2013 klju\u010d do uspjeha' - Digitalizacija Jadranske Hrvatske","robots":{"index":"index","follow":"follow","max-snippet":"max-snippet:-1","max-image-preview":"max-image-preview:large","max-video-preview":"max-video-preview:-1"},"canonical":"https:\/\/edihadria.eu\/en\/edih-adria-predstavljen-na-panel-raspravi-digitalizacija-poslovanja-i-prodaje-kljuc-do-uspjeha\/","og_locale":"en_GB","og_type":"article","og_title":"EDIH Adria predstavljen na panel raspravi 'Digitalizacija poslovanja i prodaje \u2013 klju\u010d do uspjeha' - Digitalizacija Jadranske Hrvatske","og_description":"16. o\u017eujka 2023. godine u organizaciji Istarske razvojne agencije \u2013 IDA d.o.o. i tvrtke Algebra d.o.o. za obrazovanje odraslih i usluge odr\u017eana je zanimljiva panel rasprava i dvanaesta u nizu radionica, koje Istarska razvojna agencija \u2013 IDA d.o.o. provodi tijekom 2023. godine u sklopu projekta COWORKING Pula, koji se sufinancira iz Europskog fonda za regionalni [&hellip;]","og_url":"https:\/\/edihadria.eu\/en\/edih-adria-predstavljen-na-panel-raspravi-digitalizacija-poslovanja-i-prodaje-kljuc-do-uspjeha\/","og_site_name":"Digitalizacija Jadranske Hrvatske","article_published_time":"2023-03-17T13:51:26+00:00","article_modified_time":"2023-06-29T13:40:51+00:00","og_image":[{"width":1200,"height":900,"url":"https:\/\/edihadria.eu\/wp-content\/uploads\/2023\/03\/img-1bc14650f8c38eec68ae2a0594b15609-v.jpg__1200x0_q85_crop_subsampling-2.jpg","type":"image\/jpeg"}],"author":"Emira Brki\u0107 Karnin\u010di\u0107","twitter_card":"summary_large_image","twitter_misc":{"Written by":"Emira Brki\u0107 Karnin\u010di\u0107","Estimated reading time":"3 minutes"},"schema":{"@context":"https:\/\/schema.org","@graph":[{"@type":"Article","@id":"https:\/\/edihadria.eu\/edih-adria-predstavljen-na-panel-raspravi-digitalizacija-poslovanja-i-prodaje-kljuc-do-uspjeha\/#article","isPartOf":{"@id":"https:\/\/edihadria.eu\/edih-adria-predstavljen-na-panel-raspravi-digitalizacija-poslovanja-i-prodaje-kljuc-do-uspjeha\/"},"author":{"name":"Emira Brki\u0107 Karnin\u010di\u0107","@id":"https:\/\/edihadria.eu\/#\/schema\/person\/94df10824533eca3d05833421d2ba13e"},"headline":"EDIH Adria predstavljen na panel raspravi &#8216;Digitalizacija poslovanja i prodaje \u2013 klju\u010d do uspjeha&#8217;","datePublished":"2023-03-17T13:51:26+00:00","dateModified":"2023-06-29T13:40:51+00:00","mainEntityOfPage":{"@id":"https:\/\/edihadria.eu\/edih-adria-predstavljen-na-panel-raspravi-digitalizacija-poslovanja-i-prodaje-kljuc-do-uspjeha\/"},"wordCount":435,"publisher":{"@id":"https:\/\/edihadria.eu\/#organization"},"image":{"@id":"https:\/\/edihadria.eu\/edih-adria-predstavljen-na-panel-raspravi-digitalizacija-poslovanja-i-prodaje-kljuc-do-uspjeha\/#primaryimage"},"thumbnailUrl":"https:\/\/edihadria.eu\/wp-content\/uploads\/2023\/03\/img-1bc14650f8c38eec68ae2a0594b15609-v.jpg__1200x0_q85_crop_subsampling-2.jpg","keywords":["National"],"articleSection":["Novosti"],"inLanguage":"en-GB"},{"@type":"WebPage","@id":"https:\/\/edihadria.eu\/edih-adria-predstavljen-na-panel-raspravi-digitalizacija-poslovanja-i-prodaje-kljuc-do-uspjeha\/","url":"https:\/\/edihadria.eu\/edih-adria-predstavljen-na-panel-raspravi-digitalizacija-poslovanja-i-prodaje-kljuc-do-uspjeha\/","name":"EDIH Adria predstavljen na panel raspravi 'Digitalizacija poslovanja i prodaje \u2013 klju\u010d do uspjeha' - Digitalizacija Jadranske Hrvatske","isPartOf":{"@id":"https:\/\/edihadria.eu\/#website"},"primaryImageOfPage":{"@id":"https:\/\/edihadria.eu\/edih-adria-predstavljen-na-panel-raspravi-digitalizacija-poslovanja-i-prodaje-kljuc-do-uspjeha\/#primaryimage"},"image":{"@id":"https:\/\/edihadria.eu\/edih-adria-predstavljen-na-panel-raspravi-digitalizacija-poslovanja-i-prodaje-kljuc-do-uspjeha\/#primaryimage"},"thumbnailUrl":"https:\/\/edihadria.eu\/wp-content\/uploads\/2023\/03\/img-1bc14650f8c38eec68ae2a0594b15609-v.jpg__1200x0_q85_crop_subsampling-2.jpg","datePublished":"2023-03-17T13:51:26+00:00","dateModified":"2023-06-29T13:40:51+00:00","breadcrumb":{"@id":"https:\/\/edihadria.eu\/edih-adria-predstavljen-na-panel-raspravi-digitalizacija-poslovanja-i-prodaje-kljuc-do-uspjeha\/#breadcrumb"},"inLanguage":"en-GB","potentialAction":[{"@type":"ReadAction","target":["https:\/\/edihadria.eu\/edih-adria-predstavljen-na-panel-raspravi-digitalizacija-poslovanja-i-prodaje-kljuc-do-uspjeha\/"]}]},{"@type":"ImageObject","inLanguage":"en-GB","@id":"https:\/\/edihadria.eu\/edih-adria-predstavljen-na-panel-raspravi-digitalizacija-poslovanja-i-prodaje-kljuc-do-uspjeha\/#primaryimage","url":"https:\/\/edihadria.eu\/wp-content\/uploads\/2023\/03\/img-1bc14650f8c38eec68ae2a0594b15609-v.jpg__1200x0_q85_crop_subsampling-2.jpg","contentUrl":"https:\/\/edihadria.eu\/wp-content\/uploads\/2023\/03\/img-1bc14650f8c38eec68ae2a0594b15609-v.jpg__1200x0_q85_crop_subsampling-2.jpg","width":1200,"height":900},{"@type":"BreadcrumbList","@id":"https:\/\/edihadria.eu\/edih-adria-predstavljen-na-panel-raspravi-digitalizacija-poslovanja-i-prodaje-kljuc-do-uspjeha\/#breadcrumb","itemListElement":[{"@type":"ListItem","position":1,"name":"Po\u010detna stranica","item":"https:\/\/edihadria.eu\/"},{"@type":"ListItem","position":2,"name":"EDIH Adria predstavljen na panel raspravi &#8216;Digitalizacija poslovanja i prodaje \u2013 klju\u010d do uspjeha&#8217;"}]},{"@type":"WebSite","@id":"https:\/\/edihadria.eu\/#website","url":"https:\/\/edihadria.eu\/","name":"Digitalizacija Jadranske Hrvatske","description":"EDIH Adria","publisher":{"@id":"https:\/\/edihadria.eu\/#organization"},"potentialAction":[{"@type":"SearchAction","target":{"@type":"EntryPoint","urlTemplate":"https:\/\/edihadria.eu\/?s={search_term_string}"},"query-input":{"@type":"PropertyValueSpecification","valueRequired":true,"valueName":"search_term_string"}}],"inLanguage":"en-GB"},{"@type":"Organization","@id":"https:\/\/edihadria.eu\/#organization","name":"Digitalizacija Jadranske Hrvatske","url":"https:\/\/edihadria.eu\/","logo":{"@type":"ImageObject","inLanguage":"en-GB","@id":"https:\/\/edihadria.eu\/#\/schema\/logo\/image\/","url":"https:\/\/edihadria.eu\/wp-content\/uploads\/2022\/11\/Logo-dark.png","contentUrl":"https:\/\/edihadria.eu\/wp-content\/uploads\/2022\/11\/Logo-dark.png","width":477,"height":168,"caption":"Digitalizacija Jadranske Hrvatske"},"image":{"@id":"https:\/\/edihadria.eu\/#\/schema\/logo\/image\/"}},{"@type":"Person","@id":"https:\/\/edihadria.eu\/#\/schema\/person\/94df10824533eca3d05833421d2ba13e","name":"Emira Brki\u0107 Karnin\u010di\u0107","image":{"@type":"ImageObject","inLanguage":"en-GB","@id":"https:\/\/secure.gravatar.com\/avatar\/58d43152b49f80266f4b77e32b6c0b6906b893055e2ac7146e54259130e7f780?s=96&d=mm&r=g","url":"https:\/\/secure.gravatar.com\/avatar\/58d43152b49f80266f4b77e32b6c0b6906b893055e2ac7146e54259130e7f780?s=96&d=mm&r=g","contentUrl":"https:\/\/secure.gravatar.com\/avatar\/58d43152b49f80266f4b77e32b6c0b6906b893055e2ac7146e54259130e7f780?s=96&d=mm&r=g","caption":"Emira Brki\u0107 Karnin\u010di\u0107"},"url":"https:\/\/edihadria.eu\/en\/author\/emira\/"}]}},"_links":{"self":[{"href":"https:\/\/edihadria.eu\/en\/wp-json\/wp\/v2\/posts\/1215","targetHints":{"allow":["GET"]}}],"collection":[{"href":"https:\/\/edihadria.eu\/en\/wp-json\/wp\/v2\/posts"}],"about":[{"href":"https:\/\/edihadria.eu\/en\/wp-json\/wp\/v2\/types\/post"}],"author":[{"embeddable":true,"href":"https:\/\/edihadria.eu\/en\/wp-json\/wp\/v2\/users\/6"}],"replies":[{"embeddable":true,"href":"https:\/\/edihadria.eu\/en\/wp-json\/wp\/v2\/comments?post=1215"}],"version-history":[{"count":6,"href":"https:\/\/edihadria.eu\/en\/wp-json\/wp\/v2\/posts\/1215\/revisions"}],"predecessor-version":[{"id":1235,"href":"https:\/\/edihadria.eu\/en\/wp-json\/wp\/v2\/posts\/1215\/revisions\/1235"}],"wp:featuredmedia":[{"embeddable":true,"href":"https:\/\/edihadria.eu\/en\/wp-json\/wp\/v2\/media\/1216"}],"wp:attachment":[{"href":"https:\/\/edihadria.eu\/en\/wp-json\/wp\/v2\/media?parent=1215"}],"wp:term":[{"taxonomy":"category","embeddable":true,"href":"https:\/\/edihadria.eu\/en\/wp-json\/wp\/v2\/categories?post=1215"},{"taxonomy":"post_tag","embeddable":true,"href":"https:\/\/edihadria.eu\/en\/wp-json\/wp\/v2\/tags?post=1215"}],"curies":[{"name":"wp","href":"https:\/\/api.w.org\/{rel}","templated":true}]}}