{"id":1236,"date":"2023-02-24T15:15:32","date_gmt":"2023-02-24T14:15:32","guid":{"rendered":"https:\/\/edihadria.eu\/?p=1236"},"modified":"2023-06-29T16:03:53","modified_gmt":"2023-06-29T14:03:53","slug":"sluzbeno-otvorenje-projekta-edih-adria","status":"publish","type":"post","link":"https:\/\/edihadria.eu\/en\/sluzbeno-otvorenje-projekta-edih-adria\/","title":{"rendered":"Official start of activities on the EDIH ADRIA project"},"content":{"rendered":"<div class=\"wp-block-image\">\n<figure class=\"aligncenter size-large\"><img fetchpriority=\"high\" decoding=\"async\" width=\"1024\" height=\"766\" src=\"https:\/\/edihadria.eu\/wp-content\/uploads\/2023\/03\/EDIH-Adria-Kick-Off-1024x766.jpg\" alt=\"\" class=\"wp-image-1237\" srcset=\"https:\/\/edihadria.eu\/wp-content\/uploads\/2023\/03\/EDIH-Adria-Kick-Off-1024x766.jpg 1024w, https:\/\/edihadria.eu\/wp-content\/uploads\/2023\/03\/EDIH-Adria-Kick-Off-300x225.jpg 300w, https:\/\/edihadria.eu\/wp-content\/uploads\/2023\/03\/EDIH-Adria-Kick-Off-768x575.jpg 768w, https:\/\/edihadria.eu\/wp-content\/uploads\/2023\/03\/EDIH-Adria-Kick-Off.jpg 1200w\" sizes=\"(max-width: 1024px) 100vw, 1024px\" \/><figcaption class=\"wp-element-caption\">Signatories of the EDIH Adria Consortium Agreement<\/figcaption><\/figure>\n<\/div>\n\n\n<p class=\"wp-block-paragraph\">A presentation of the project was held at the University of Rijeka Campus on Thursday, 23 February 2023. <strong>EDIH (<em>European Digital Innovation Hub<\/em>) Adria<\/strong>. On behalf of the Rector of the University of Rijeka prof. dr. sc. Snje\u017eana Priji\u0107 Samar\u017eije introductory address and greeted the meeting Vice-Rector for Strategic Projects prof. dr. sc. Sasha Zelenika. Mr. sc. Damir Medved, director of the EDIH project, presented the project.<br><br>Welcoming speeches were given by:<br>g. <strong>Sandro D\u2019Elia<\/strong>, <em>Programme Officer<\/em>; European Commission (via video link from Brussels)<br>Ms <strong>Diana Kr\u010dmar<\/strong>, Head of Innovation Sector, Ministry of Economy and Sustainable Development (via video link)<br>g. <strong>Bruno Radojica<\/strong>, Head of Innovation Support Service, Ministry of Economy and Sustainable Development (via video link)<br>g. <strong>Vedran Kru\u017ei\u0107<\/strong>, Director of the Regional Development Agency of Primorje-Gorski Kotar County PRIGODA<\/p>\n\n\n\n<p class=\"wp-block-paragraph\">On behalf of the project partners, the Consortium Agreement was signed by:<br>prof. dr. sc. <strong>Senka Ma\u0107e\u0161i\u0107<\/strong>, Vice-Rector for Digitalization and Development (on behalf of the Rector prof. dr. sc. Snje\u017eana Priji\u0107 Samar\u017eije), <strong>University of Rijeka<\/strong><br>Assoc. prof. dr. sc. <strong>Valter Boljun\u010di\u0107<\/strong>, Vice-Rector for Cooperation, Innovation and Technology Transfer (on behalf of the Rector prof. dr. sc. <strong>Marinka \u0160kare<\/strong>), <strong>Juraj Dobrila University of Pula<\/strong><br>Mr Boris Golob, Director, <strong>STEPRI Science and Technology Park of the University of Rijeka<\/strong>, d.o.o.<br><strong>Domagoj Cebin<\/strong>, Global Desk Senior Specialist, <strong>Infobip<\/strong>, d.o.o.<br>Assoc. prof. dr. sc. <strong>Darko Huljenic<\/strong>, Director of the Research Unit, <strong>Ericsson Nikola Tesla<\/strong> d.d.<br>g. <strong>Nenad Antolovi\u0107<\/strong>, Director, <strong>Smart RI<\/strong>, d.o.o.<\/p>\n\n\n\n<p class=\"wp-block-paragraph\">The EDIH Adria Advisory Board has also been established, which will consist of several other members, but so far the following have been confirmed:<br>prof. dr. sc. <strong>Danica Kragi\u0107 Jensfelt<\/strong>, Professor of Computer Science at the Royal Institute of Technology (KTH) in Stockholm and member of the International Scientific Council of the University of Rijeka<br>prof. dr. sc. <strong>Bojan \u010cuki\u0107<\/strong>, Dean of the Faculty of Computer Science and Informatics (CCI) of the University of North Carolina and Honorary Professor of the University of Rijeka<br>Doc. dr. sc. <strong>Vladimir Mozetich<\/strong>, President of the Kvarner Health Tourism Classes Association<br>g. <strong>Marijo Volarevi\u0107<\/strong>, Digital Excellence Director, Jadran \u2013 Galenski laboratorij, d.d.<\/p>\n\n\n\n<p class=\"wp-block-paragraph\">the European Digital Innovation Hub<em>European Digital Innovation Hub<\/em>) EDIH Adria is based on two key technologies: <strong>Artificial intelligence<\/strong> i <strong>High Performance Computing<\/strong>. The project will focus on the health, mobility and sustainable development sectors. Duration of the project is 3<strong> years<\/strong>, with the possibility of extension for additional 4 years, and the budget of the project is <strong>\u20ac2.645 million<\/strong>. The main sources of funding are, in equal proportions, grants granted from the EU project and from the national Recovery and Resilience Facility.<\/p>\n\n\n\n<p class=\"wp-block-paragraph\">Croatian small and medium-sized enterprises will be able to participate in a free learning program on the use of digital technology.<br>Throughout the European Union, the European Commission has initiated the establishment of \u201cEuropean Digital Innovation Hubs\u201d (EDIH), whose task is to support the introduction of digital technologies in businesses and the public sector. In Croatia, 4 such centers have been established, and EDIH Adria is in charge of digital transformation of companies in Adriatic Croatia, one of the 3 statistical areas of Croatia. Users will be able to test digital technologies and apply them in their business and attend trainings, where they will learn how to e.g. learn how to set up an online store, what the database is for, how to introduce or improve the use of various sensors, etc., but also to the advanced use of artificial intelligence.<\/p>","protected":false},"excerpt":{"rendered":"<p>On Thursday, 23 February 2023, the University of Rijeka Campus hosted a presentation of the EDIH (European Digital Innovation Hub) Adria project. On behalf of the Rector of the University of Rijeka prof. dr. sc. Snje\u017eana Priji\u0107 Samar\u017eije addressed and welcomed the meeting of Vice-Rector for Strategic Projects prof. dr. sc. Sasha Zelenika. Mr. Sc. Damir Medved, Director of the EDIH project, presented [...]<\/p>","protected":false},"author":6,"featured_media":1237,"comment_status":"closed","ping_status":"open","sticky":false,"template":"","format":"standard","meta":{"footnotes":""},"categories":[50],"tags":[52],"class_list":["post-1236","post","type-post","status-publish","format-standard","has-post-thumbnail","hentry","category-novosti","tag-national"],"yoast_head":"<!-- This site is optimized with the Yoast SEO plugin v28.3 - https:\/\/yoast.com\/product\/yoast-seo-wordpress\/ -->\n<title>Slu\u017ebeni po\u010detak aktivnosti na EDIH ADRIA projektu - Digitalizacija Jadranske Hrvatske<\/title>\n<meta name=\"robots\" content=\"index, follow, max-snippet:-1, max-image-preview:large, max-video-preview:-1\" \/>\n<link rel=\"canonical\" href=\"https:\/\/edihadria.eu\/en\/sluzbeno-otvorenje-projekta-edih-adria\/\" \/>\n<meta property=\"og:locale\" content=\"en_GB\" \/>\n<meta property=\"og:type\" content=\"article\" \/>\n<meta property=\"og:title\" content=\"Slu\u017ebeni po\u010detak aktivnosti na EDIH ADRIA projektu - Digitalizacija Jadranske Hrvatske\" \/>\n<meta property=\"og:description\" content=\"Na Kampusu Sveu\u010dili\u0161ta u Rijeci u \u010detvrtak, 23. velja\u010de 2023. odr\u017eano je predstavljanje projekta EDIH (European Digital Innovation Hub) Adria. U ime rektorice Sveu\u010dili\u0161ta u Rijeci prof. dr. sc. Snje\u017eane Priji\u0107 Samar\u017eije uvodno se obratio i pozdravio skup prorektor za strate\u0161ke projekte prof. dr. sc. Sa\u0161a Zelenika. Mr. sc. Damir Medved, direktor projekta EDIH, predstavio [&hellip;]\" \/>\n<meta property=\"og:url\" content=\"https:\/\/edihadria.eu\/en\/sluzbeno-otvorenje-projekta-edih-adria\/\" \/>\n<meta property=\"og:site_name\" content=\"Digitalizacija Jadranske Hrvatske\" \/>\n<meta property=\"article:published_time\" content=\"2023-02-24T14:15:32+00:00\" \/>\n<meta property=\"article:modified_time\" content=\"2023-06-29T14:03:53+00:00\" \/>\n<meta property=\"og:image\" content=\"https:\/\/edihadria.eu\/wp-content\/uploads\/2023\/03\/EDIH-Adria-Kick-Off.jpg\" \/>\n\t<meta property=\"og:image:width\" content=\"1200\" \/>\n\t<meta property=\"og:image:height\" content=\"898\" \/>\n\t<meta property=\"og:image:type\" content=\"image\/jpeg\" \/>\n<meta name=\"author\" content=\"Emira Brki\u0107 Karnin\u010di\u0107\" \/>\n<meta name=\"twitter:card\" content=\"summary_large_image\" \/>\n<meta name=\"twitter:label1\" content=\"Written by\" \/>\n\t<meta name=\"twitter:data1\" content=\"Emira Brki\u0107 Karnin\u010di\u0107\" \/>\n\t<meta name=\"twitter:label2\" content=\"Estimated reading time\" \/>\n\t<meta name=\"twitter:data2\" content=\"3 minutes\" \/>\n<script type=\"application\/ld+json\" class=\"yoast-schema-graph\">{\"@context\":\"https:\\\/\\\/schema.org\",\"@graph\":[{\"@type\":\"Article\",\"@id\":\"https:\\\/\\\/edihadria.eu\\\/sluzbeno-otvorenje-projekta-edih-adria\\\/#article\",\"isPartOf\":{\"@id\":\"https:\\\/\\\/edihadria.eu\\\/sluzbeno-otvorenje-projekta-edih-adria\\\/\"},\"author\":{\"name\":\"Emira Brki\u0107 Karnin\u010di\u0107\",\"@id\":\"https:\\\/\\\/edihadria.eu\\\/#\\\/schema\\\/person\\\/94df10824533eca3d05833421d2ba13e\"},\"headline\":\"Slu\u017ebeni po\u010detak aktivnosti na EDIH ADRIA projektu\",\"datePublished\":\"2023-02-24T14:15:32+00:00\",\"dateModified\":\"2023-06-29T14:03:53+00:00\",\"mainEntityOfPage\":{\"@id\":\"https:\\\/\\\/edihadria.eu\\\/sluzbeno-otvorenje-projekta-edih-adria\\\/\"},\"wordCount\":565,\"publisher\":{\"@id\":\"https:\\\/\\\/edihadria.eu\\\/#organization\"},\"image\":{\"@id\":\"https:\\\/\\\/edihadria.eu\\\/sluzbeno-otvorenje-projekta-edih-adria\\\/#primaryimage\"},\"thumbnailUrl\":\"https:\\\/\\\/edihadria.eu\\\/wp-content\\\/uploads\\\/2023\\\/03\\\/EDIH-Adria-Kick-Off.jpg\",\"keywords\":[\"National\"],\"articleSection\":[\"Novosti\"],\"inLanguage\":\"en-GB\"},{\"@type\":\"WebPage\",\"@id\":\"https:\\\/\\\/edihadria.eu\\\/sluzbeno-otvorenje-projekta-edih-adria\\\/\",\"url\":\"https:\\\/\\\/edihadria.eu\\\/sluzbeno-otvorenje-projekta-edih-adria\\\/\",\"name\":\"Slu\u017ebeni po\u010detak aktivnosti na EDIH ADRIA projektu - Digitalizacija Jadranske Hrvatske\",\"isPartOf\":{\"@id\":\"https:\\\/\\\/edihadria.eu\\\/#website\"},\"primaryImageOfPage\":{\"@id\":\"https:\\\/\\\/edihadria.eu\\\/sluzbeno-otvorenje-projekta-edih-adria\\\/#primaryimage\"},\"image\":{\"@id\":\"https:\\\/\\\/edihadria.eu\\\/sluzbeno-otvorenje-projekta-edih-adria\\\/#primaryimage\"},\"thumbnailUrl\":\"https:\\\/\\\/edihadria.eu\\\/wp-content\\\/uploads\\\/2023\\\/03\\\/EDIH-Adria-Kick-Off.jpg\",\"datePublished\":\"2023-02-24T14:15:32+00:00\",\"dateModified\":\"2023-06-29T14:03:53+00:00\",\"breadcrumb\":{\"@id\":\"https:\\\/\\\/edihadria.eu\\\/sluzbeno-otvorenje-projekta-edih-adria\\\/#breadcrumb\"},\"inLanguage\":\"en-GB\",\"potentialAction\":[{\"@type\":\"ReadAction\",\"target\":[\"https:\\\/\\\/edihadria.eu\\\/sluzbeno-otvorenje-projekta-edih-adria\\\/\"]}]},{\"@type\":\"ImageObject\",\"inLanguage\":\"en-GB\",\"@id\":\"https:\\\/\\\/edihadria.eu\\\/sluzbeno-otvorenje-projekta-edih-adria\\\/#primaryimage\",\"url\":\"https:\\\/\\\/edihadria.eu\\\/wp-content\\\/uploads\\\/2023\\\/03\\\/EDIH-Adria-Kick-Off.jpg\",\"contentUrl\":\"https:\\\/\\\/edihadria.eu\\\/wp-content\\\/uploads\\\/2023\\\/03\\\/EDIH-Adria-Kick-Off.jpg\",\"width\":1200,\"height\":898},{\"@type\":\"BreadcrumbList\",\"@id\":\"https:\\\/\\\/edihadria.eu\\\/sluzbeno-otvorenje-projekta-edih-adria\\\/#breadcrumb\",\"itemListElement\":[{\"@type\":\"ListItem\",\"position\":1,\"name\":\"Po\u010detna stranica\",\"item\":\"https:\\\/\\\/edihadria.eu\\\/\"},{\"@type\":\"ListItem\",\"position\":2,\"name\":\"Slu\u017ebeni po\u010detak aktivnosti na EDIH ADRIA projektu\"}]},{\"@type\":\"WebSite\",\"@id\":\"https:\\\/\\\/edihadria.eu\\\/#website\",\"url\":\"https:\\\/\\\/edihadria.eu\\\/\",\"name\":\"Digitalizacija Jadranske Hrvatske\",\"description\":\"EDIH Adria\",\"publisher\":{\"@id\":\"https:\\\/\\\/edihadria.eu\\\/#organization\"},\"potentialAction\":[{\"@type\":\"SearchAction\",\"target\":{\"@type\":\"EntryPoint\",\"urlTemplate\":\"https:\\\/\\\/edihadria.eu\\\/?s={search_term_string}\"},\"query-input\":{\"@type\":\"PropertyValueSpecification\",\"valueRequired\":true,\"valueName\":\"search_term_string\"}}],\"inLanguage\":\"en-GB\"},{\"@type\":\"Organization\",\"@id\":\"https:\\\/\\\/edihadria.eu\\\/#organization\",\"name\":\"Digitalizacija Jadranske Hrvatske\",\"url\":\"https:\\\/\\\/edihadria.eu\\\/\",\"logo\":{\"@type\":\"ImageObject\",\"inLanguage\":\"en-GB\",\"@id\":\"https:\\\/\\\/edihadria.eu\\\/#\\\/schema\\\/logo\\\/image\\\/\",\"url\":\"https:\\\/\\\/edihadria.eu\\\/wp-content\\\/uploads\\\/2022\\\/11\\\/Logo-dark.png\",\"contentUrl\":\"https:\\\/\\\/edihadria.eu\\\/wp-content\\\/uploads\\\/2022\\\/11\\\/Logo-dark.png\",\"width\":477,\"height\":168,\"caption\":\"Digitalizacija Jadranske Hrvatske\"},\"image\":{\"@id\":\"https:\\\/\\\/edihadria.eu\\\/#\\\/schema\\\/logo\\\/image\\\/\"}},{\"@type\":\"Person\",\"@id\":\"https:\\\/\\\/edihadria.eu\\\/#\\\/schema\\\/person\\\/94df10824533eca3d05833421d2ba13e\",\"name\":\"Emira Brki\u0107 Karnin\u010di\u0107\",\"image\":{\"@type\":\"ImageObject\",\"inLanguage\":\"en-GB\",\"@id\":\"https:\\\/\\\/secure.gravatar.com\\\/avatar\\\/58d43152b49f80266f4b77e32b6c0b6906b893055e2ac7146e54259130e7f780?s=96&d=mm&r=g\",\"url\":\"https:\\\/\\\/secure.gravatar.com\\\/avatar\\\/58d43152b49f80266f4b77e32b6c0b6906b893055e2ac7146e54259130e7f780?s=96&d=mm&r=g\",\"contentUrl\":\"https:\\\/\\\/secure.gravatar.com\\\/avatar\\\/58d43152b49f80266f4b77e32b6c0b6906b893055e2ac7146e54259130e7f780?s=96&d=mm&r=g\",\"caption\":\"Emira Brki\u0107 Karnin\u010di\u0107\"},\"url\":\"https:\\\/\\\/edihadria.eu\\\/en\\\/author\\\/emira\\\/\"}]}<\/script>\n<!-- \/ Yoast SEO plugin. -->","yoast_head_json":{"title":"Slu\u017ebeni po\u010detak aktivnosti na EDIH ADRIA projektu - Digitalizacija Jadranske Hrvatske","robots":{"index":"index","follow":"follow","max-snippet":"max-snippet:-1","max-image-preview":"max-image-preview:large","max-video-preview":"max-video-preview:-1"},"canonical":"https:\/\/edihadria.eu\/en\/sluzbeno-otvorenje-projekta-edih-adria\/","og_locale":"en_GB","og_type":"article","og_title":"Slu\u017ebeni po\u010detak aktivnosti na EDIH ADRIA projektu - Digitalizacija Jadranske Hrvatske","og_description":"Na Kampusu Sveu\u010dili\u0161ta u Rijeci u \u010detvrtak, 23. velja\u010de 2023. odr\u017eano je predstavljanje projekta EDIH (European Digital Innovation Hub) Adria. U ime rektorice Sveu\u010dili\u0161ta u Rijeci prof. dr. sc. Snje\u017eane Priji\u0107 Samar\u017eije uvodno se obratio i pozdravio skup prorektor za strate\u0161ke projekte prof. dr. sc. Sa\u0161a Zelenika. Mr. sc. Damir Medved, direktor projekta EDIH, predstavio [&hellip;]","og_url":"https:\/\/edihadria.eu\/en\/sluzbeno-otvorenje-projekta-edih-adria\/","og_site_name":"Digitalizacija Jadranske Hrvatske","article_published_time":"2023-02-24T14:15:32+00:00","article_modified_time":"2023-06-29T14:03:53+00:00","og_image":[{"width":1200,"height":898,"url":"https:\/\/edihadria.eu\/wp-content\/uploads\/2023\/03\/EDIH-Adria-Kick-Off.jpg","type":"image\/jpeg"}],"author":"Emira Brki\u0107 Karnin\u010di\u0107","twitter_card":"summary_large_image","twitter_misc":{"Written by":"Emira Brki\u0107 Karnin\u010di\u0107","Estimated reading time":"3 minutes"},"schema":{"@context":"https:\/\/schema.org","@graph":[{"@type":"Article","@id":"https:\/\/edihadria.eu\/sluzbeno-otvorenje-projekta-edih-adria\/#article","isPartOf":{"@id":"https:\/\/edihadria.eu\/sluzbeno-otvorenje-projekta-edih-adria\/"},"author":{"name":"Emira Brki\u0107 Karnin\u010di\u0107","@id":"https:\/\/edihadria.eu\/#\/schema\/person\/94df10824533eca3d05833421d2ba13e"},"headline":"Slu\u017ebeni po\u010detak aktivnosti na EDIH ADRIA projektu","datePublished":"2023-02-24T14:15:32+00:00","dateModified":"2023-06-29T14:03:53+00:00","mainEntityOfPage":{"@id":"https:\/\/edihadria.eu\/sluzbeno-otvorenje-projekta-edih-adria\/"},"wordCount":565,"publisher":{"@id":"https:\/\/edihadria.eu\/#organization"},"image":{"@id":"https:\/\/edihadria.eu\/sluzbeno-otvorenje-projekta-edih-adria\/#primaryimage"},"thumbnailUrl":"https:\/\/edihadria.eu\/wp-content\/uploads\/2023\/03\/EDIH-Adria-Kick-Off.jpg","keywords":["National"],"articleSection":["Novosti"],"inLanguage":"en-GB"},{"@type":"WebPage","@id":"https:\/\/edihadria.eu\/sluzbeno-otvorenje-projekta-edih-adria\/","url":"https:\/\/edihadria.eu\/sluzbeno-otvorenje-projekta-edih-adria\/","name":"Slu\u017ebeni po\u010detak aktivnosti na EDIH ADRIA projektu - Digitalizacija Jadranske Hrvatske","isPartOf":{"@id":"https:\/\/edihadria.eu\/#website"},"primaryImageOfPage":{"@id":"https:\/\/edihadria.eu\/sluzbeno-otvorenje-projekta-edih-adria\/#primaryimage"},"image":{"@id":"https:\/\/edihadria.eu\/sluzbeno-otvorenje-projekta-edih-adria\/#primaryimage"},"thumbnailUrl":"https:\/\/edihadria.eu\/wp-content\/uploads\/2023\/03\/EDIH-Adria-Kick-Off.jpg","datePublished":"2023-02-24T14:15:32+00:00","dateModified":"2023-06-29T14:03:53+00:00","breadcrumb":{"@id":"https:\/\/edihadria.eu\/sluzbeno-otvorenje-projekta-edih-adria\/#breadcrumb"},"inLanguage":"en-GB","potentialAction":[{"@type":"ReadAction","target":["https:\/\/edihadria.eu\/sluzbeno-otvorenje-projekta-edih-adria\/"]}]},{"@type":"ImageObject","inLanguage":"en-GB","@id":"https:\/\/edihadria.eu\/sluzbeno-otvorenje-projekta-edih-adria\/#primaryimage","url":"https:\/\/edihadria.eu\/wp-content\/uploads\/2023\/03\/EDIH-Adria-Kick-Off.jpg","contentUrl":"https:\/\/edihadria.eu\/wp-content\/uploads\/2023\/03\/EDIH-Adria-Kick-Off.jpg","width":1200,"height":898},{"@type":"BreadcrumbList","@id":"https:\/\/edihadria.eu\/sluzbeno-otvorenje-projekta-edih-adria\/#breadcrumb","itemListElement":[{"@type":"ListItem","position":1,"name":"Po\u010detna stranica","item":"https:\/\/edihadria.eu\/"},{"@type":"ListItem","position":2,"name":"Slu\u017ebeni po\u010detak aktivnosti na EDIH ADRIA projektu"}]},{"@type":"WebSite","@id":"https:\/\/edihadria.eu\/#website","url":"https:\/\/edihadria.eu\/","name":"Digitalizacija Jadranske Hrvatske","description":"EDIH Adria","publisher":{"@id":"https:\/\/edihadria.eu\/#organization"},"potentialAction":[{"@type":"SearchAction","target":{"@type":"EntryPoint","urlTemplate":"https:\/\/edihadria.eu\/?s={search_term_string}"},"query-input":{"@type":"PropertyValueSpecification","valueRequired":true,"valueName":"search_term_string"}}],"inLanguage":"en-GB"},{"@type":"Organization","@id":"https:\/\/edihadria.eu\/#organization","name":"Digitalizacija Jadranske Hrvatske","url":"https:\/\/edihadria.eu\/","logo":{"@type":"ImageObject","inLanguage":"en-GB","@id":"https:\/\/edihadria.eu\/#\/schema\/logo\/image\/","url":"https:\/\/edihadria.eu\/wp-content\/uploads\/2022\/11\/Logo-dark.png","contentUrl":"https:\/\/edihadria.eu\/wp-content\/uploads\/2022\/11\/Logo-dark.png","width":477,"height":168,"caption":"Digitalizacija Jadranske Hrvatske"},"image":{"@id":"https:\/\/edihadria.eu\/#\/schema\/logo\/image\/"}},{"@type":"Person","@id":"https:\/\/edihadria.eu\/#\/schema\/person\/94df10824533eca3d05833421d2ba13e","name":"Emira Brki\u0107 Karnin\u010di\u0107","image":{"@type":"ImageObject","inLanguage":"en-GB","@id":"https:\/\/secure.gravatar.com\/avatar\/58d43152b49f80266f4b77e32b6c0b6906b893055e2ac7146e54259130e7f780?s=96&d=mm&r=g","url":"https:\/\/secure.gravatar.com\/avatar\/58d43152b49f80266f4b77e32b6c0b6906b893055e2ac7146e54259130e7f780?s=96&d=mm&r=g","contentUrl":"https:\/\/secure.gravatar.com\/avatar\/58d43152b49f80266f4b77e32b6c0b6906b893055e2ac7146e54259130e7f780?s=96&d=mm&r=g","caption":"Emira Brki\u0107 Karnin\u010di\u0107"},"url":"https:\/\/edihadria.eu\/en\/author\/emira\/"}]}},"_links":{"self":[{"href":"https:\/\/edihadria.eu\/en\/wp-json\/wp\/v2\/posts\/1236","targetHints":{"allow":["GET"]}}],"collection":[{"href":"https:\/\/edihadria.eu\/en\/wp-json\/wp\/v2\/posts"}],"about":[{"href":"https:\/\/edihadria.eu\/en\/wp-json\/wp\/v2\/types\/post"}],"author":[{"embeddable":true,"href":"https:\/\/edihadria.eu\/en\/wp-json\/wp\/v2\/users\/6"}],"replies":[{"embeddable":true,"href":"https:\/\/edihadria.eu\/en\/wp-json\/wp\/v2\/comments?post=1236"}],"version-history":[{"count":3,"href":"https:\/\/edihadria.eu\/en\/wp-json\/wp\/v2\/posts\/1236\/revisions"}],"predecessor-version":[{"id":1417,"href":"https:\/\/edihadria.eu\/en\/wp-json\/wp\/v2\/posts\/1236\/revisions\/1417"}],"wp:featuredmedia":[{"embeddable":true,"href":"https:\/\/edihadria.eu\/en\/wp-json\/wp\/v2\/media\/1237"}],"wp:attachment":[{"href":"https:\/\/edihadria.eu\/en\/wp-json\/wp\/v2\/media?parent=1236"}],"wp:term":[{"taxonomy":"category","embeddable":true,"href":"https:\/\/edihadria.eu\/en\/wp-json\/wp\/v2\/categories?post=1236"},{"taxonomy":"post_tag","embeddable":true,"href":"https:\/\/edihadria.eu\/en\/wp-json\/wp\/v2\/tags?post=1236"}],"curies":[{"name":"wp","href":"https:\/\/api.w.org\/{rel}","templated":true}]}}