{"id":12367,"date":"2025-06-16T10:44:15","date_gmt":"2025-06-16T08:44:15","guid":{"rendered":"https:\/\/edihadria.eu\/?p=12367"},"modified":"2026-08-24T17:21:19","modified_gmt":"2026-08-24T15:21:19","slug":"sudjelovanje-edih-adria-na-12-medunarodnom-simpoziju-health-for-all-health-in-urban-settings","status":"publish","type":"post","link":"https:\/\/edihadria.eu\/en\/sudjelovanje-edih-adria-na-12-medunarodnom-simpoziju-health-for-all-health-in-urban-settings\/","title":{"rendered":"Participation of EDIH ADRIA in the 12th International Symposium \u201cHealth for All \u2013 Health in Urban Settings\u201d"},"content":{"rendered":"<p data-start=\"709\" data-end=\"1127\">At the symposium, Damir Medved, Director of EDIH ADRIA, held a presentation titled <strong data-start=\"792\" data-end=\"863\">\u201cSmart City and Smart Health \u2013 (lost) Opportunities for Synergies?\u201d<\/strong><\/p>\n<p data-start=\"709\" data-end=\"1127\"><img fetchpriority=\"high\" decoding=\"async\" class=\"alignnone wp-image-12371 size-full\" src=\"https:\/\/edihadria.eu\/wp-content\/uploads\/2025\/11\/Medved-konf.jpg\" alt=\"\" width=\"931\" height=\"695\" srcset=\"https:\/\/edihadria.eu\/wp-content\/uploads\/2025\/11\/Medved-konf.jpg 931w, https:\/\/edihadria.eu\/wp-content\/uploads\/2025\/11\/Medved-konf-300x224.jpg 300w, https:\/\/edihadria.eu\/wp-content\/uploads\/2025\/11\/Medved-konf-768x573.jpg 768w, https:\/\/edihadria.eu\/wp-content\/uploads\/2025\/11\/Medved-konf-16x12.jpg 16w\" sizes=\"(max-width: 931px) 100vw, 931px\" \/><\/p>\n<p data-start=\"709\" data-end=\"1127\">The presentation presents the possibilities of connecting smart cities and digital health solutions and examples of how technological and organisational innovations can improve citizens' health, especially in urban areas.<\/p>\n<h3 data-start=\"1129\" data-end=\"1164\"><strong data-start=\"1133\" data-end=\"1164\">Key messages of the presentation<\/strong><\/h3>\n<ul data-start=\"1165\" data-end=\"2085\">\n<li data-start=\"1165\" data-end=\"1374\">\n<p data-start=\"1167\" data-end=\"1374\">EDIH ADRIA works as <strong data-start=\"1194\" data-end=\"1220\">User-centric Consortium<\/strong>, which brings together scientific institutions, technology leaders and business support organisations to provide comprehensive support for the digital transformation.<\/p>\n<\/li>\n<li data-start=\"1375\" data-end=\"1576\">\n<p data-start=\"1377\" data-end=\"1576\">The activities and results of regional initiatives were presented, such as: <strong data-start=\"1447\" data-end=\"1497\">the Competence Centre for Smart Cities (CEKOM)<\/strong>, which brings together 20 partners and has already developed <strong data-start=\"1540\" data-end=\"1573\">36 market-ready products<\/strong>.<\/p>\n<\/li>\n<li data-start=\"1577\" data-end=\"1796\">\n<p data-start=\"1579\" data-end=\"1796\">The importance of <strong data-start=\"1600\" data-end=\"1624\">data integration<\/strong> and interoperable systems between the health, public safety, environment, social services and transport sectors \u2014 a basis for the development of healthier and fairer urban communities.<\/p>\n<\/li>\n<li data-start=\"1797\" data-end=\"2085\">\n<p data-start=\"1799\" data-end=\"2085\">Challenges in the use of advanced technologies were discussed, including: <strong data-start=\"1873\" data-end=\"1890\">AI chatbots<\/strong>, <strong data-start=\"1892\" data-end=\"1911\">sensor networks<\/strong> i <strong data-start=\"1914\" data-end=\"1952\">big data analytics<\/strong>, with a particular focus on barriers such as the regulatory framework, the availability of funding, digital skills and sectoral disparities.<\/p>\n<\/li>\n<\/ul>\n<h3 data-start=\"2087\" data-end=\"2114\"><strong data-start=\"2091\" data-end=\"2114\">Why is this important?<\/strong><\/h3>\n<p data-start=\"2115\" data-end=\"2479\">Urbanisation brings new public health challenges and smart cities offer a unique opportunity to create an environment that promotes health, safety and quality of life.<br data-start=\"2294\" data-end=\"2297\" \/>EDIH ADRIA continues to actively participate in European initiatives to foster the adoption of digital solutions, develop innovation and strengthen the capacity of local communities and businesses.<\/p>","protected":false},"excerpt":{"rendered":"<p>Representatives of the EDIH ADRIA Centre participated in the 12th International Symposium Health for All \u2013 Health in Urban Settings, organised by the HORUS consortium, which brings together leading European experts in the field of urban health and sustainable urban development.<\/p>","protected":false},"author":14,"featured_media":12368,"comment_status":"closed","ping_status":"closed","sticky":false,"template":"","format":"standard","meta":{"footnotes":""},"categories":[50],"tags":[],"class_list":["post-12367","post","type-post","status-publish","format-standard","has-post-thumbnail","hentry","category-novosti"],"yoast_head":"<!-- This site is optimized with the Yoast SEO plugin v28.3 - https:\/\/yoast.com\/product\/yoast-seo-wordpress\/ -->\n<title>Sudjelovanje EDIH ADRIA na 12. me\u0111unarodnom simpoziju \u201cHealth for All \u2013 Health in Urban Settings\u201d - Digitalizacija Jadranske Hrvatske<\/title>\n<meta name=\"robots\" content=\"index, follow, max-snippet:-1, max-image-preview:large, max-video-preview:-1\" \/>\n<link rel=\"canonical\" href=\"https:\/\/edihadria.eu\/en\/sudjelovanje-edih-adria-na-12-medunarodnom-simpoziju-health-for-all-health-in-urban-settings\/\" \/>\n<meta property=\"og:locale\" content=\"en_GB\" \/>\n<meta property=\"og:type\" content=\"article\" \/>\n<meta property=\"og:title\" content=\"Sudjelovanje EDIH ADRIA na 12. me\u0111unarodnom simpoziju \u201cHealth for All \u2013 Health in Urban Settings\u201d - Digitalizacija Jadranske Hrvatske\" \/>\n<meta property=\"og:description\" content=\"Predstavnici EDIH ADRIA centra sudjelovali su na 12. me\u0111unarodnom simpoziju Health for All \u2013 Health in Urban Settings, odr\u017eanom u organizaciji HORUS konzorcija, koji okuplja vode\u0107e europske stru\u010dnjake iz podru\u010dja urbanog zdravlja i odr\u017eivog razvoja gradova.\" \/>\n<meta property=\"og:url\" content=\"https:\/\/edihadria.eu\/en\/sudjelovanje-edih-adria-na-12-medunarodnom-simpoziju-health-for-all-health-in-urban-settings\/\" \/>\n<meta property=\"og:site_name\" content=\"Digitalizacija Jadranske Hrvatske\" \/>\n<meta property=\"article:published_time\" content=\"2025-06-16T08:44:15+00:00\" \/>\n<meta property=\"article:modified_time\" content=\"2026-08-24T15:21:19+00:00\" \/>\n<meta property=\"og:image\" content=\"https:\/\/edihadria.eu\/wp-content\/uploads\/2025\/11\/20250612_100639.jpg.webp\" \/>\n\t<meta property=\"og:image:width\" content=\"2000\" \/>\n\t<meta property=\"og:image:height\" content=\"1500\" \/>\n\t<meta property=\"og:image:type\" content=\"image\/webp\" \/>\n<meta name=\"author\" content=\"Iva Musi\u0107\" \/>\n<meta name=\"twitter:card\" content=\"summary_large_image\" \/>\n<meta name=\"twitter:label1\" content=\"Written by\" \/>\n\t<meta name=\"twitter:data1\" content=\"Iva Musi\u0107\" \/>\n\t<meta name=\"twitter:label2\" content=\"Estimated reading time\" \/>\n\t<meta name=\"twitter:data2\" content=\"2 minutes\" \/>\n<script type=\"application\/ld+json\" class=\"yoast-schema-graph\">{\"@context\":\"https:\\\/\\\/schema.org\",\"@graph\":[{\"@type\":\"Article\",\"@id\":\"https:\\\/\\\/edihadria.eu\\\/sudjelovanje-edih-adria-na-12-medunarodnom-simpoziju-health-for-all-health-in-urban-settings\\\/#article\",\"isPartOf\":{\"@id\":\"https:\\\/\\\/edihadria.eu\\\/sudjelovanje-edih-adria-na-12-medunarodnom-simpoziju-health-for-all-health-in-urban-settings\\\/\"},\"author\":{\"name\":\"Iva Musi\u0107\",\"@id\":\"https:\\\/\\\/edihadria.eu\\\/#\\\/schema\\\/person\\\/0d647a5e0c900d85659bc2e6da6c24d8\"},\"headline\":\"Sudjelovanje EDIH ADRIA na 12. me\u0111unarodnom simpoziju \u201cHealth for All \u2013 Health in Urban Settings\u201d\",\"datePublished\":\"2025-06-16T08:44:15+00:00\",\"dateModified\":\"2026-08-24T15:21:19+00:00\",\"mainEntityOfPage\":{\"@id\":\"https:\\\/\\\/edihadria.eu\\\/sudjelovanje-edih-adria-na-12-medunarodnom-simpoziju-health-for-all-health-in-urban-settings\\\/\"},\"wordCount\":252,\"publisher\":{\"@id\":\"https:\\\/\\\/edihadria.eu\\\/#organization\"},\"image\":{\"@id\":\"https:\\\/\\\/edihadria.eu\\\/sudjelovanje-edih-adria-na-12-medunarodnom-simpoziju-health-for-all-health-in-urban-settings\\\/#primaryimage\"},\"thumbnailUrl\":\"https:\\\/\\\/edihadria.eu\\\/wp-content\\\/uploads\\\/2025\\\/11\\\/20250612_100639.jpg.webp\",\"articleSection\":[\"Novosti\"],\"inLanguage\":\"en-GB\"},{\"@type\":\"WebPage\",\"@id\":\"https:\\\/\\\/edihadria.eu\\\/sudjelovanje-edih-adria-na-12-medunarodnom-simpoziju-health-for-all-health-in-urban-settings\\\/\",\"url\":\"https:\\\/\\\/edihadria.eu\\\/sudjelovanje-edih-adria-na-12-medunarodnom-simpoziju-health-for-all-health-in-urban-settings\\\/\",\"name\":\"Sudjelovanje EDIH ADRIA na 12. me\u0111unarodnom simpoziju \u201cHealth for All \u2013 Health in Urban Settings\u201d - Digitalizacija Jadranske Hrvatske\",\"isPartOf\":{\"@id\":\"https:\\\/\\\/edihadria.eu\\\/#website\"},\"primaryImageOfPage\":{\"@id\":\"https:\\\/\\\/edihadria.eu\\\/sudjelovanje-edih-adria-na-12-medunarodnom-simpoziju-health-for-all-health-in-urban-settings\\\/#primaryimage\"},\"image\":{\"@id\":\"https:\\\/\\\/edihadria.eu\\\/sudjelovanje-edih-adria-na-12-medunarodnom-simpoziju-health-for-all-health-in-urban-settings\\\/#primaryimage\"},\"thumbnailUrl\":\"https:\\\/\\\/edihadria.eu\\\/wp-content\\\/uploads\\\/2025\\\/11\\\/20250612_100639.jpg.webp\",\"datePublished\":\"2025-06-16T08:44:15+00:00\",\"dateModified\":\"2026-08-24T15:21:19+00:00\",\"breadcrumb\":{\"@id\":\"https:\\\/\\\/edihadria.eu\\\/sudjelovanje-edih-adria-na-12-medunarodnom-simpoziju-health-for-all-health-in-urban-settings\\\/#breadcrumb\"},\"inLanguage\":\"en-GB\",\"potentialAction\":[{\"@type\":\"ReadAction\",\"target\":[\"https:\\\/\\\/edihadria.eu\\\/sudjelovanje-edih-adria-na-12-medunarodnom-simpoziju-health-for-all-health-in-urban-settings\\\/\"]}]},{\"@type\":\"ImageObject\",\"inLanguage\":\"en-GB\",\"@id\":\"https:\\\/\\\/edihadria.eu\\\/sudjelovanje-edih-adria-na-12-medunarodnom-simpoziju-health-for-all-health-in-urban-settings\\\/#primaryimage\",\"url\":\"https:\\\/\\\/edihadria.eu\\\/wp-content\\\/uploads\\\/2025\\\/11\\\/20250612_100639.jpg.webp\",\"contentUrl\":\"https:\\\/\\\/edihadria.eu\\\/wp-content\\\/uploads\\\/2025\\\/11\\\/20250612_100639.jpg.webp\",\"width\":2000,\"height\":1500},{\"@type\":\"BreadcrumbList\",\"@id\":\"https:\\\/\\\/edihadria.eu\\\/sudjelovanje-edih-adria-na-12-medunarodnom-simpoziju-health-for-all-health-in-urban-settings\\\/#breadcrumb\",\"itemListElement\":[{\"@type\":\"ListItem\",\"position\":1,\"name\":\"Po\u010detna stranica\",\"item\":\"https:\\\/\\\/edihadria.eu\\\/\"},{\"@type\":\"ListItem\",\"position\":2,\"name\":\"Sudjelovanje EDIH ADRIA na 12. me\u0111unarodnom simpoziju \u201cHealth for All \u2013 Health in Urban Settings\u201d\"}]},{\"@type\":\"WebSite\",\"@id\":\"https:\\\/\\\/edihadria.eu\\\/#website\",\"url\":\"https:\\\/\\\/edihadria.eu\\\/\",\"name\":\"Digitalizacija Jadranske Hrvatske\",\"description\":\"EDIH Adria\",\"publisher\":{\"@id\":\"https:\\\/\\\/edihadria.eu\\\/#organization\"},\"potentialAction\":[{\"@type\":\"SearchAction\",\"target\":{\"@type\":\"EntryPoint\",\"urlTemplate\":\"https:\\\/\\\/edihadria.eu\\\/?s={search_term_string}\"},\"query-input\":{\"@type\":\"PropertyValueSpecification\",\"valueRequired\":true,\"valueName\":\"search_term_string\"}}],\"inLanguage\":\"en-GB\"},{\"@type\":\"Organization\",\"@id\":\"https:\\\/\\\/edihadria.eu\\\/#organization\",\"name\":\"Digitalizacija Jadranske Hrvatske\",\"url\":\"https:\\\/\\\/edihadria.eu\\\/\",\"logo\":{\"@type\":\"ImageObject\",\"inLanguage\":\"en-GB\",\"@id\":\"https:\\\/\\\/edihadria.eu\\\/#\\\/schema\\\/logo\\\/image\\\/\",\"url\":\"https:\\\/\\\/edihadria.eu\\\/wp-content\\\/uploads\\\/2022\\\/11\\\/Logo-dark.png\",\"contentUrl\":\"https:\\\/\\\/edihadria.eu\\\/wp-content\\\/uploads\\\/2022\\\/11\\\/Logo-dark.png\",\"width\":477,\"height\":168,\"caption\":\"Digitalizacija Jadranske Hrvatske\"},\"image\":{\"@id\":\"https:\\\/\\\/edihadria.eu\\\/#\\\/schema\\\/logo\\\/image\\\/\"}},{\"@type\":\"Person\",\"@id\":\"https:\\\/\\\/edihadria.eu\\\/#\\\/schema\\\/person\\\/0d647a5e0c900d85659bc2e6da6c24d8\",\"name\":\"Iva Musi\u0107\",\"image\":{\"@type\":\"ImageObject\",\"inLanguage\":\"en-GB\",\"@id\":\"https:\\\/\\\/secure.gravatar.com\\\/avatar\\\/fae46a597a71bc3b6e44b5b62d6f90c3feaf7024ddf8ba65acdfb0116ed5060e?s=96&d=mm&r=g\",\"url\":\"https:\\\/\\\/secure.gravatar.com\\\/avatar\\\/fae46a597a71bc3b6e44b5b62d6f90c3feaf7024ddf8ba65acdfb0116ed5060e?s=96&d=mm&r=g\",\"contentUrl\":\"https:\\\/\\\/secure.gravatar.com\\\/avatar\\\/fae46a597a71bc3b6e44b5b62d6f90c3feaf7024ddf8ba65acdfb0116ed5060e?s=96&d=mm&r=g\",\"caption\":\"Iva Musi\u0107\"},\"url\":\"https:\\\/\\\/edihadria.eu\\\/en\\\/author\\\/strategija22\\\/\"}]}<\/script>\n<!-- \/ Yoast SEO plugin. -->","yoast_head_json":{"title":"Sudjelovanje EDIH ADRIA na 12. me\u0111unarodnom simpoziju \u201cHealth for All \u2013 Health in Urban Settings\u201d - Digitalizacija Jadranske Hrvatske","robots":{"index":"index","follow":"follow","max-snippet":"max-snippet:-1","max-image-preview":"max-image-preview:large","max-video-preview":"max-video-preview:-1"},"canonical":"https:\/\/edihadria.eu\/en\/sudjelovanje-edih-adria-na-12-medunarodnom-simpoziju-health-for-all-health-in-urban-settings\/","og_locale":"en_GB","og_type":"article","og_title":"Sudjelovanje EDIH ADRIA na 12. me\u0111unarodnom simpoziju \u201cHealth for All \u2013 Health in Urban Settings\u201d - Digitalizacija Jadranske Hrvatske","og_description":"Predstavnici EDIH ADRIA centra sudjelovali su na 12. me\u0111unarodnom simpoziju Health for All \u2013 Health in Urban Settings, odr\u017eanom u organizaciji HORUS konzorcija, koji okuplja vode\u0107e europske stru\u010dnjake iz podru\u010dja urbanog zdravlja i odr\u017eivog razvoja gradova.","og_url":"https:\/\/edihadria.eu\/en\/sudjelovanje-edih-adria-na-12-medunarodnom-simpoziju-health-for-all-health-in-urban-settings\/","og_site_name":"Digitalizacija Jadranske Hrvatske","article_published_time":"2025-06-16T08:44:15+00:00","article_modified_time":"2026-08-24T15:21:19+00:00","og_image":[{"width":2000,"height":1500,"url":"https:\/\/edihadria.eu\/wp-content\/uploads\/2025\/11\/20250612_100639.jpg.webp","type":"image\/webp"}],"author":"Iva Musi\u0107","twitter_card":"summary_large_image","twitter_misc":{"Written by":"Iva Musi\u0107","Estimated reading time":"2 minutes"},"schema":{"@context":"https:\/\/schema.org","@graph":[{"@type":"Article","@id":"https:\/\/edihadria.eu\/sudjelovanje-edih-adria-na-12-medunarodnom-simpoziju-health-for-all-health-in-urban-settings\/#article","isPartOf":{"@id":"https:\/\/edihadria.eu\/sudjelovanje-edih-adria-na-12-medunarodnom-simpoziju-health-for-all-health-in-urban-settings\/"},"author":{"name":"Iva Musi\u0107","@id":"https:\/\/edihadria.eu\/#\/schema\/person\/0d647a5e0c900d85659bc2e6da6c24d8"},"headline":"Sudjelovanje EDIH ADRIA na 12. me\u0111unarodnom simpoziju \u201cHealth for All \u2013 Health in Urban Settings\u201d","datePublished":"2025-06-16T08:44:15+00:00","dateModified":"2026-08-24T15:21:19+00:00","mainEntityOfPage":{"@id":"https:\/\/edihadria.eu\/sudjelovanje-edih-adria-na-12-medunarodnom-simpoziju-health-for-all-health-in-urban-settings\/"},"wordCount":252,"publisher":{"@id":"https:\/\/edihadria.eu\/#organization"},"image":{"@id":"https:\/\/edihadria.eu\/sudjelovanje-edih-adria-na-12-medunarodnom-simpoziju-health-for-all-health-in-urban-settings\/#primaryimage"},"thumbnailUrl":"https:\/\/edihadria.eu\/wp-content\/uploads\/2025\/11\/20250612_100639.jpg.webp","articleSection":["Novosti"],"inLanguage":"en-GB"},{"@type":"WebPage","@id":"https:\/\/edihadria.eu\/sudjelovanje-edih-adria-na-12-medunarodnom-simpoziju-health-for-all-health-in-urban-settings\/","url":"https:\/\/edihadria.eu\/sudjelovanje-edih-adria-na-12-medunarodnom-simpoziju-health-for-all-health-in-urban-settings\/","name":"Sudjelovanje EDIH ADRIA na 12. me\u0111unarodnom simpoziju \u201cHealth for All \u2013 Health in Urban Settings\u201d - Digitalizacija Jadranske Hrvatske","isPartOf":{"@id":"https:\/\/edihadria.eu\/#website"},"primaryImageOfPage":{"@id":"https:\/\/edihadria.eu\/sudjelovanje-edih-adria-na-12-medunarodnom-simpoziju-health-for-all-health-in-urban-settings\/#primaryimage"},"image":{"@id":"https:\/\/edihadria.eu\/sudjelovanje-edih-adria-na-12-medunarodnom-simpoziju-health-for-all-health-in-urban-settings\/#primaryimage"},"thumbnailUrl":"https:\/\/edihadria.eu\/wp-content\/uploads\/2025\/11\/20250612_100639.jpg.webp","datePublished":"2025-06-16T08:44:15+00:00","dateModified":"2026-08-24T15:21:19+00:00","breadcrumb":{"@id":"https:\/\/edihadria.eu\/sudjelovanje-edih-adria-na-12-medunarodnom-simpoziju-health-for-all-health-in-urban-settings\/#breadcrumb"},"inLanguage":"en-GB","potentialAction":[{"@type":"ReadAction","target":["https:\/\/edihadria.eu\/sudjelovanje-edih-adria-na-12-medunarodnom-simpoziju-health-for-all-health-in-urban-settings\/"]}]},{"@type":"ImageObject","inLanguage":"en-GB","@id":"https:\/\/edihadria.eu\/sudjelovanje-edih-adria-na-12-medunarodnom-simpoziju-health-for-all-health-in-urban-settings\/#primaryimage","url":"https:\/\/edihadria.eu\/wp-content\/uploads\/2025\/11\/20250612_100639.jpg.webp","contentUrl":"https:\/\/edihadria.eu\/wp-content\/uploads\/2025\/11\/20250612_100639.jpg.webp","width":2000,"height":1500},{"@type":"BreadcrumbList","@id":"https:\/\/edihadria.eu\/sudjelovanje-edih-adria-na-12-medunarodnom-simpoziju-health-for-all-health-in-urban-settings\/#breadcrumb","itemListElement":[{"@type":"ListItem","position":1,"name":"Po\u010detna stranica","item":"https:\/\/edihadria.eu\/"},{"@type":"ListItem","position":2,"name":"Sudjelovanje EDIH ADRIA na 12. me\u0111unarodnom simpoziju \u201cHealth for All \u2013 Health in Urban Settings\u201d"}]},{"@type":"WebSite","@id":"https:\/\/edihadria.eu\/#website","url":"https:\/\/edihadria.eu\/","name":"Digitalizacija Jadranske Hrvatske","description":"EDIH Adria","publisher":{"@id":"https:\/\/edihadria.eu\/#organization"},"potentialAction":[{"@type":"SearchAction","target":{"@type":"EntryPoint","urlTemplate":"https:\/\/edihadria.eu\/?s={search_term_string}"},"query-input":{"@type":"PropertyValueSpecification","valueRequired":true,"valueName":"search_term_string"}}],"inLanguage":"en-GB"},{"@type":"Organization","@id":"https:\/\/edihadria.eu\/#organization","name":"Digitalizacija Jadranske Hrvatske","url":"https:\/\/edihadria.eu\/","logo":{"@type":"ImageObject","inLanguage":"en-GB","@id":"https:\/\/edihadria.eu\/#\/schema\/logo\/image\/","url":"https:\/\/edihadria.eu\/wp-content\/uploads\/2022\/11\/Logo-dark.png","contentUrl":"https:\/\/edihadria.eu\/wp-content\/uploads\/2022\/11\/Logo-dark.png","width":477,"height":168,"caption":"Digitalizacija Jadranske Hrvatske"},"image":{"@id":"https:\/\/edihadria.eu\/#\/schema\/logo\/image\/"}},{"@type":"Person","@id":"https:\/\/edihadria.eu\/#\/schema\/person\/0d647a5e0c900d85659bc2e6da6c24d8","name":"Iva Musi\u0107","image":{"@type":"ImageObject","inLanguage":"en-GB","@id":"https:\/\/secure.gravatar.com\/avatar\/fae46a597a71bc3b6e44b5b62d6f90c3feaf7024ddf8ba65acdfb0116ed5060e?s=96&d=mm&r=g","url":"https:\/\/secure.gravatar.com\/avatar\/fae46a597a71bc3b6e44b5b62d6f90c3feaf7024ddf8ba65acdfb0116ed5060e?s=96&d=mm&r=g","contentUrl":"https:\/\/secure.gravatar.com\/avatar\/fae46a597a71bc3b6e44b5b62d6f90c3feaf7024ddf8ba65acdfb0116ed5060e?s=96&d=mm&r=g","caption":"Iva Musi\u0107"},"url":"https:\/\/edihadria.eu\/en\/author\/strategija22\/"}]}},"_links":{"self":[{"href":"https:\/\/edihadria.eu\/en\/wp-json\/wp\/v2\/posts\/12367","targetHints":{"allow":["GET"]}}],"collection":[{"href":"https:\/\/edihadria.eu\/en\/wp-json\/wp\/v2\/posts"}],"about":[{"href":"https:\/\/edihadria.eu\/en\/wp-json\/wp\/v2\/types\/post"}],"author":[{"embeddable":true,"href":"https:\/\/edihadria.eu\/en\/wp-json\/wp\/v2\/users\/14"}],"replies":[{"embeddable":true,"href":"https:\/\/edihadria.eu\/en\/wp-json\/wp\/v2\/comments?post=12367"}],"version-history":[{"count":3,"href":"https:\/\/edihadria.eu\/en\/wp-json\/wp\/v2\/posts\/12367\/revisions"}],"predecessor-version":[{"id":19336,"href":"https:\/\/edihadria.eu\/en\/wp-json\/wp\/v2\/posts\/12367\/revisions\/19336"}],"wp:featuredmedia":[{"embeddable":true,"href":"https:\/\/edihadria.eu\/en\/wp-json\/wp\/v2\/media\/12368"}],"wp:attachment":[{"href":"https:\/\/edihadria.eu\/en\/wp-json\/wp\/v2\/media?parent=12367"}],"wp:term":[{"taxonomy":"category","embeddable":true,"href":"https:\/\/edihadria.eu\/en\/wp-json\/wp\/v2\/categories?post=12367"},{"taxonomy":"post_tag","embeddable":true,"href":"https:\/\/edihadria.eu\/en\/wp-json\/wp\/v2\/tags?post=12367"}],"curies":[{"name":"wp","href":"https:\/\/api.w.org\/{rel}","templated":true}]}}