{"id":12708,"date":"2026-05-07T16:47:36","date_gmt":"2026-05-07T14:47:36","guid":{"rendered":"https:\/\/edihadria.eu\/?p=12708"},"modified":"2026-05-08T07:58:10","modified_gmt":"2026-05-08T05:58:10","slug":"predstavljanje-rezultata-projekta-edih-adria-1-0","status":"publish","type":"post","link":"https:\/\/edihadria.eu\/en\/predstavljanje-rezultata-projekta-edih-adria-1-0\/","title":{"rendered":"Presentation of EDIH Adria 1.0 project results"},"content":{"rendered":"<div data-elementor-type=\"wp-post\" data-elementor-id=\"12708\" class=\"elementor elementor-12708\" data-elementor-post-type=\"post\">\n\t\t\t\t<div class=\"elementor-element elementor-element-7d0d2e09 e-flex e-con-boxed e-con e-parent\" data-id=\"7d0d2e09\" data-element_type=\"container\" data-e-type=\"container\">\n\t\t\t\t\t<div class=\"e-con-inner\">\n\t\t\t\t<div class=\"elementor-element elementor-element-2ef36adc elementor-widget elementor-widget-text-editor\" data-id=\"2ef36adc\" data-element_type=\"widget\" data-e-type=\"widget\" data-widget_type=\"text-editor.default\">\n\t\t\t\t<div class=\"elementor-widget-container\">\n\t\t\t\t\t\t\t\t\t<h3 data-start=\"53\" data-end=\"284\">As part of this year's <a href=\"https:\/\/dov.eufondovi.gov.hr\/\">Open Doors Days of EU Projects<\/a> we present the results of the first phase of the EDIH Adria project as one of the key projects aimed at the digital transformation of enterprises and the public sector in Croatia.<\/h3>\n<p data-start=\"286\" data-end=\"547\">The Ministry of Regional Development and EU Funds is once again organizing the Open Days of EU projects, which are held from 8 to 24 May throughout Croatia with the aim of bringing concrete results of investments from EU funds closer to the public.<\/p>\n<p data-start=\"549\" data-end=\"789\">In the Rijeka programme, special emphasis was placed on the presentation of the results of the EDIH Adria 1.0 project, which was implemented under the guidance of the University of Rijeka from 1 January 2023 to 31 December 2025 through the Digital Europe Programme (DEP).<\/p>\n<p data-start=\"791\" data-end=\"979\">Participants will have the opportunity to hear more about the experiences of project implementation, support for digital transformation of companies and public organizations and concrete examples of using EDIH Adria services.<\/p>\n<p data-start=\"411\" data-end=\"730\"><b>The event will take place on 13 May 2026 at the Rijeka City Library \u2013 Meeting Hall, from 11 a.m. to 1 p.m.<\/b>, It will bring together representatives from academia, development institutions, businesses and the public sector interested in the digital transition and the use of artificial intelligence.<\/p>\n<p>The event program focuses on the results of the first phase of the project, user experience and continuation of activities through EDIH Adria 2.0.<\/p>\n<p>As part of the program prof. dr. sc. Sa\u0161a Zelenika, head of EDIH Adria 1.0 project from the University of Rijeka, will give a presentation <strong>\"EDIH Adria as a driver for the AI-based digital transition of Croatia\"<\/strong>, while mr. sc. Damir Medved to present the results of the project through the theme <strong>\"EDIH ADRIA 1.0 \u2013 one of the best EDIH projects in the EU by results\"<\/strong>.<\/p>\n<p>Participants will also have the opportunity to hear examples of good practice of using EDIH Adria project instruments in small and medium-sized enterprises (experiences of prof.dr.sc Vladimir Mozeti\u010d from <a href=\"https:\/\/primari.hr\/\">the Primari Polyclinic<\/a> Dragan Sokolovi\u0107&nbsp;<a href=\"https:\/\/www.smartaqua.hr\/\">Smart Aqua<\/a>) and public administration, and the final part of the program brings the presentation of the continuation of activities through presentation <strong>\"What does EDIH ADRIA 2.0 bring us?\"<\/strong> which will be held by Mario Vukeli\u0107, from STEP RI, as a representative of the current project manager, present the continuation of activities through EDIH Adria 2.0.<\/p>\n<h4>Applications are mandatory and are received <a href=\"https:\/\/docs.google.com\/forms\/d\/1Z97r--o-8Rbr_OWmOCyFUMl-B9Ltq6eh2KVt1vKGUvA\/viewform?pli=1&amp;pli=1&amp;edit_requested=true\">here<\/a>.<\/h4>\t\t\t\t\t\t\t\t<\/div>\n\t\t\t\t<\/div>\n\t\t\t\t\t<\/div>\n\t\t\t\t<\/div>\n\t\t\t\t<\/div>","protected":false},"excerpt":{"rendered":"<p>U sklopu ovogodi\u0161njih Dana otvorenih vrata EU projekata predstavljamo&nbsp; rezultate prve faze projekta EDIH Adria kao jednog od klju\u010dnih projekata usmjerenih na digitalnu transformaciju poduze\u0107a i javnog sektora u Hrvatskoj. Ministarstvo regionalnoga razvoja i fondova Europske unije i ove godine organizira Dane otvorenih vrata EU projekata, koji se odr\u017eavaju od 8. do 24. svibnja diljem [&hellip;]<\/p>","protected":false},"author":23,"featured_media":12716,"comment_status":"closed","ping_status":"closed","sticky":false,"template":"","format":"standard","meta":{"footnotes":""},"categories":[50],"tags":[100,99],"class_list":["post-12708","post","type-post","status-publish","format-standard","has-post-thumbnail","hentry","category-novosti","tag-dani-eu-fondova","tag-rezultati-projekta"],"yoast_head":"<!-- This site is optimized with the Yoast SEO plugin v28.3 - https:\/\/yoast.com\/product\/yoast-seo-wordpress\/ -->\n<title>Predstavljanje rezultata projekta EDIH Adria 1.0 - Digitalizacija Jadranske Hrvatske<\/title>\n<meta name=\"description\" content=\"Kako izgleda digitalna tranzicija u praksi? Saznajte vi\u0161e o rezultatima projekta EDIH Adria 1.0 i nastavku aktivnosti kroz EDIH Adria 2.0.\" \/>\n<meta name=\"robots\" content=\"index, follow, max-snippet:-1, max-image-preview:large, max-video-preview:-1\" \/>\n<link rel=\"canonical\" href=\"https:\/\/edihadria.eu\/en\/predstavljanje-rezultata-projekta-edih-adria-1-0\/\" \/>\n<meta property=\"og:locale\" content=\"en_GB\" \/>\n<meta property=\"og:type\" content=\"article\" \/>\n<meta property=\"og:title\" content=\"Predstavljanje rezultata projekta EDIH Adria 1.0 - Digitalizacija Jadranske Hrvatske\" \/>\n<meta property=\"og:description\" content=\"Kako izgleda digitalna tranzicija u praksi? Saznajte vi\u0161e o rezultatima projekta EDIH Adria 1.0 i nastavku aktivnosti kroz EDIH Adria 2.0.\" \/>\n<meta property=\"og:url\" content=\"https:\/\/edihadria.eu\/en\/predstavljanje-rezultata-projekta-edih-adria-1-0\/\" \/>\n<meta property=\"og:site_name\" content=\"Digitalizacija Jadranske Hrvatske\" \/>\n<meta property=\"article:published_time\" content=\"2026-05-07T14:47:36+00:00\" \/>\n<meta property=\"article:modified_time\" content=\"2026-05-08T05:58:10+00:00\" \/>\n<meta property=\"og:image\" content=\"https:\/\/edihadria.eu\/wp-content\/uploads\/2026\/05\/EDIH-Adria_rezultati-projekta_Medved.jpg\" \/>\n\t<meta property=\"og:image:width\" content=\"2000\" \/>\n\t<meta property=\"og:image:height\" content=\"1509\" \/>\n\t<meta property=\"og:image:type\" content=\"image\/jpeg\" \/>\n<meta name=\"author\" content=\"Maria Grbac\" \/>\n<meta name=\"twitter:card\" content=\"summary_large_image\" \/>\n<meta name=\"twitter:label1\" content=\"Written by\" \/>\n\t<meta name=\"twitter:data1\" content=\"Maria Grbac\" \/>\n\t<meta name=\"twitter:label2\" content=\"Estimated reading time\" \/>\n\t<meta name=\"twitter:data2\" content=\"2 minutes\" \/>\n<script type=\"application\/ld+json\" class=\"yoast-schema-graph\">{\"@context\":\"https:\\\/\\\/schema.org\",\"@graph\":[{\"@type\":\"Article\",\"@id\":\"https:\\\/\\\/edihadria.eu\\\/predstavljanje-rezultata-projekta-edih-adria-1-0\\\/#article\",\"isPartOf\":{\"@id\":\"https:\\\/\\\/edihadria.eu\\\/predstavljanje-rezultata-projekta-edih-adria-1-0\\\/\"},\"author\":{\"name\":\"Maria Grbac\",\"@id\":\"https:\\\/\\\/edihadria.eu\\\/#\\\/schema\\\/person\\\/480e0e0a0008c2391c90fcf92aead049\"},\"headline\":\"Predstavljanje rezultata projekta EDIH Adria 1.0\",\"datePublished\":\"2026-05-07T14:47:36+00:00\",\"dateModified\":\"2026-05-08T05:58:10+00:00\",\"mainEntityOfPage\":{\"@id\":\"https:\\\/\\\/edihadria.eu\\\/predstavljanje-rezultata-projekta-edih-adria-1-0\\\/\"},\"wordCount\":337,\"publisher\":{\"@id\":\"https:\\\/\\\/edihadria.eu\\\/#organization\"},\"image\":{\"@id\":\"https:\\\/\\\/edihadria.eu\\\/predstavljanje-rezultata-projekta-edih-adria-1-0\\\/#primaryimage\"},\"thumbnailUrl\":\"https:\\\/\\\/edihadria.eu\\\/wp-content\\\/uploads\\\/2026\\\/05\\\/EDIH-Adria_rezultati-projekta_Medved.jpg\",\"keywords\":[\"dani EU fondova\",\"rezultati projekta\"],\"articleSection\":[\"Novosti\"],\"inLanguage\":\"en-GB\"},{\"@type\":\"WebPage\",\"@id\":\"https:\\\/\\\/edihadria.eu\\\/predstavljanje-rezultata-projekta-edih-adria-1-0\\\/\",\"url\":\"https:\\\/\\\/edihadria.eu\\\/predstavljanje-rezultata-projekta-edih-adria-1-0\\\/\",\"name\":\"Predstavljanje rezultata projekta EDIH Adria 1.0 - Digitalizacija Jadranske Hrvatske\",\"isPartOf\":{\"@id\":\"https:\\\/\\\/edihadria.eu\\\/#website\"},\"primaryImageOfPage\":{\"@id\":\"https:\\\/\\\/edihadria.eu\\\/predstavljanje-rezultata-projekta-edih-adria-1-0\\\/#primaryimage\"},\"image\":{\"@id\":\"https:\\\/\\\/edihadria.eu\\\/predstavljanje-rezultata-projekta-edih-adria-1-0\\\/#primaryimage\"},\"thumbnailUrl\":\"https:\\\/\\\/edihadria.eu\\\/wp-content\\\/uploads\\\/2026\\\/05\\\/EDIH-Adria_rezultati-projekta_Medved.jpg\",\"datePublished\":\"2026-05-07T14:47:36+00:00\",\"dateModified\":\"2026-05-08T05:58:10+00:00\",\"description\":\"Kako izgleda digitalna tranzicija u praksi? Saznajte vi\u0161e o rezultatima projekta EDIH Adria 1.0 i nastavku aktivnosti kroz EDIH Adria 2.0.\",\"breadcrumb\":{\"@id\":\"https:\\\/\\\/edihadria.eu\\\/predstavljanje-rezultata-projekta-edih-adria-1-0\\\/#breadcrumb\"},\"inLanguage\":\"en-GB\",\"potentialAction\":[{\"@type\":\"ReadAction\",\"target\":[\"https:\\\/\\\/edihadria.eu\\\/predstavljanje-rezultata-projekta-edih-adria-1-0\\\/\"]}]},{\"@type\":\"ImageObject\",\"inLanguage\":\"en-GB\",\"@id\":\"https:\\\/\\\/edihadria.eu\\\/predstavljanje-rezultata-projekta-edih-adria-1-0\\\/#primaryimage\",\"url\":\"https:\\\/\\\/edihadria.eu\\\/wp-content\\\/uploads\\\/2026\\\/05\\\/EDIH-Adria_rezultati-projekta_Medved.jpg\",\"contentUrl\":\"https:\\\/\\\/edihadria.eu\\\/wp-content\\\/uploads\\\/2026\\\/05\\\/EDIH-Adria_rezultati-projekta_Medved.jpg\",\"width\":2000,\"height\":1509},{\"@type\":\"BreadcrumbList\",\"@id\":\"https:\\\/\\\/edihadria.eu\\\/predstavljanje-rezultata-projekta-edih-adria-1-0\\\/#breadcrumb\",\"itemListElement\":[{\"@type\":\"ListItem\",\"position\":1,\"name\":\"Po\u010detna stranica\",\"item\":\"https:\\\/\\\/edihadria.eu\\\/\"},{\"@type\":\"ListItem\",\"position\":2,\"name\":\"Predstavljanje rezultata projekta EDIH Adria 1.0\"}]},{\"@type\":\"WebSite\",\"@id\":\"https:\\\/\\\/edihadria.eu\\\/#website\",\"url\":\"https:\\\/\\\/edihadria.eu\\\/\",\"name\":\"Digitalizacija Jadranske Hrvatske\",\"description\":\"EDIH Adria\",\"publisher\":{\"@id\":\"https:\\\/\\\/edihadria.eu\\\/#organization\"},\"potentialAction\":[{\"@type\":\"SearchAction\",\"target\":{\"@type\":\"EntryPoint\",\"urlTemplate\":\"https:\\\/\\\/edihadria.eu\\\/?s={search_term_string}\"},\"query-input\":{\"@type\":\"PropertyValueSpecification\",\"valueRequired\":true,\"valueName\":\"search_term_string\"}}],\"inLanguage\":\"en-GB\"},{\"@type\":\"Organization\",\"@id\":\"https:\\\/\\\/edihadria.eu\\\/#organization\",\"name\":\"Digitalizacija Jadranske Hrvatske\",\"url\":\"https:\\\/\\\/edihadria.eu\\\/\",\"logo\":{\"@type\":\"ImageObject\",\"inLanguage\":\"en-GB\",\"@id\":\"https:\\\/\\\/edihadria.eu\\\/#\\\/schema\\\/logo\\\/image\\\/\",\"url\":\"https:\\\/\\\/edihadria.eu\\\/wp-content\\\/uploads\\\/2022\\\/11\\\/Logo-dark.png\",\"contentUrl\":\"https:\\\/\\\/edihadria.eu\\\/wp-content\\\/uploads\\\/2022\\\/11\\\/Logo-dark.png\",\"width\":477,\"height\":168,\"caption\":\"Digitalizacija Jadranske Hrvatske\"},\"image\":{\"@id\":\"https:\\\/\\\/edihadria.eu\\\/#\\\/schema\\\/logo\\\/image\\\/\"}},{\"@type\":\"Person\",\"@id\":\"https:\\\/\\\/edihadria.eu\\\/#\\\/schema\\\/person\\\/480e0e0a0008c2391c90fcf92aead049\",\"name\":\"Maria Grbac\",\"image\":{\"@type\":\"ImageObject\",\"inLanguage\":\"en-GB\",\"@id\":\"https:\\\/\\\/secure.gravatar.com\\\/avatar\\\/6c89f9a65d16a972c95fee23091c4a487847b0a4de9d983e7c741535b07db720?s=96&d=mm&r=g\",\"url\":\"https:\\\/\\\/secure.gravatar.com\\\/avatar\\\/6c89f9a65d16a972c95fee23091c4a487847b0a4de9d983e7c741535b07db720?s=96&d=mm&r=g\",\"contentUrl\":\"https:\\\/\\\/secure.gravatar.com\\\/avatar\\\/6c89f9a65d16a972c95fee23091c4a487847b0a4de9d983e7c741535b07db720?s=96&d=mm&r=g\",\"caption\":\"Maria Grbac\"},\"url\":\"https:\\\/\\\/edihadria.eu\\\/en\\\/author\\\/maria-g\\\/\"}]}<\/script>\n<!-- \/ Yoast SEO plugin. -->","yoast_head_json":{"title":"Predstavljanje rezultata projekta EDIH Adria 1.0 - Digitalizacija Jadranske Hrvatske","description":"Kako izgleda digitalna tranzicija u praksi? Saznajte vi\u0161e o rezultatima projekta EDIH Adria 1.0 i nastavku aktivnosti kroz EDIH Adria 2.0.","robots":{"index":"index","follow":"follow","max-snippet":"max-snippet:-1","max-image-preview":"max-image-preview:large","max-video-preview":"max-video-preview:-1"},"canonical":"https:\/\/edihadria.eu\/en\/predstavljanje-rezultata-projekta-edih-adria-1-0\/","og_locale":"en_GB","og_type":"article","og_title":"Predstavljanje rezultata projekta EDIH Adria 1.0 - Digitalizacija Jadranske Hrvatske","og_description":"Kako izgleda digitalna tranzicija u praksi? Saznajte vi\u0161e o rezultatima projekta EDIH Adria 1.0 i nastavku aktivnosti kroz EDIH Adria 2.0.","og_url":"https:\/\/edihadria.eu\/en\/predstavljanje-rezultata-projekta-edih-adria-1-0\/","og_site_name":"Digitalizacija Jadranske Hrvatske","article_published_time":"2026-05-07T14:47:36+00:00","article_modified_time":"2026-05-08T05:58:10+00:00","og_image":[{"width":2000,"height":1509,"url":"https:\/\/edihadria.eu\/wp-content\/uploads\/2026\/05\/EDIH-Adria_rezultati-projekta_Medved.jpg","type":"image\/jpeg"}],"author":"Maria Grbac","twitter_card":"summary_large_image","twitter_misc":{"Written by":"Maria Grbac","Estimated reading time":"2 minutes"},"schema":{"@context":"https:\/\/schema.org","@graph":[{"@type":"Article","@id":"https:\/\/edihadria.eu\/predstavljanje-rezultata-projekta-edih-adria-1-0\/#article","isPartOf":{"@id":"https:\/\/edihadria.eu\/predstavljanje-rezultata-projekta-edih-adria-1-0\/"},"author":{"name":"Maria Grbac","@id":"https:\/\/edihadria.eu\/#\/schema\/person\/480e0e0a0008c2391c90fcf92aead049"},"headline":"Predstavljanje rezultata projekta EDIH Adria 1.0","datePublished":"2026-05-07T14:47:36+00:00","dateModified":"2026-05-08T05:58:10+00:00","mainEntityOfPage":{"@id":"https:\/\/edihadria.eu\/predstavljanje-rezultata-projekta-edih-adria-1-0\/"},"wordCount":337,"publisher":{"@id":"https:\/\/edihadria.eu\/#organization"},"image":{"@id":"https:\/\/edihadria.eu\/predstavljanje-rezultata-projekta-edih-adria-1-0\/#primaryimage"},"thumbnailUrl":"https:\/\/edihadria.eu\/wp-content\/uploads\/2026\/05\/EDIH-Adria_rezultati-projekta_Medved.jpg","keywords":["dani EU fondova","rezultati projekta"],"articleSection":["Novosti"],"inLanguage":"en-GB"},{"@type":"WebPage","@id":"https:\/\/edihadria.eu\/predstavljanje-rezultata-projekta-edih-adria-1-0\/","url":"https:\/\/edihadria.eu\/predstavljanje-rezultata-projekta-edih-adria-1-0\/","name":"Predstavljanje rezultata projekta EDIH Adria 1.0 - Digitalizacija Jadranske Hrvatske","isPartOf":{"@id":"https:\/\/edihadria.eu\/#website"},"primaryImageOfPage":{"@id":"https:\/\/edihadria.eu\/predstavljanje-rezultata-projekta-edih-adria-1-0\/#primaryimage"},"image":{"@id":"https:\/\/edihadria.eu\/predstavljanje-rezultata-projekta-edih-adria-1-0\/#primaryimage"},"thumbnailUrl":"https:\/\/edihadria.eu\/wp-content\/uploads\/2026\/05\/EDIH-Adria_rezultati-projekta_Medved.jpg","datePublished":"2026-05-07T14:47:36+00:00","dateModified":"2026-05-08T05:58:10+00:00","description":"Kako izgleda digitalna tranzicija u praksi? Saznajte vi\u0161e o rezultatima projekta EDIH Adria 1.0 i nastavku aktivnosti kroz EDIH Adria 2.0.","breadcrumb":{"@id":"https:\/\/edihadria.eu\/predstavljanje-rezultata-projekta-edih-adria-1-0\/#breadcrumb"},"inLanguage":"en-GB","potentialAction":[{"@type":"ReadAction","target":["https:\/\/edihadria.eu\/predstavljanje-rezultata-projekta-edih-adria-1-0\/"]}]},{"@type":"ImageObject","inLanguage":"en-GB","@id":"https:\/\/edihadria.eu\/predstavljanje-rezultata-projekta-edih-adria-1-0\/#primaryimage","url":"https:\/\/edihadria.eu\/wp-content\/uploads\/2026\/05\/EDIH-Adria_rezultati-projekta_Medved.jpg","contentUrl":"https:\/\/edihadria.eu\/wp-content\/uploads\/2026\/05\/EDIH-Adria_rezultati-projekta_Medved.jpg","width":2000,"height":1509},{"@type":"BreadcrumbList","@id":"https:\/\/edihadria.eu\/predstavljanje-rezultata-projekta-edih-adria-1-0\/#breadcrumb","itemListElement":[{"@type":"ListItem","position":1,"name":"Po\u010detna stranica","item":"https:\/\/edihadria.eu\/"},{"@type":"ListItem","position":2,"name":"Predstavljanje rezultata projekta EDIH Adria 1.0"}]},{"@type":"WebSite","@id":"https:\/\/edihadria.eu\/#website","url":"https:\/\/edihadria.eu\/","name":"Digitalizacija Jadranske Hrvatske","description":"EDIH Adria","publisher":{"@id":"https:\/\/edihadria.eu\/#organization"},"potentialAction":[{"@type":"SearchAction","target":{"@type":"EntryPoint","urlTemplate":"https:\/\/edihadria.eu\/?s={search_term_string}"},"query-input":{"@type":"PropertyValueSpecification","valueRequired":true,"valueName":"search_term_string"}}],"inLanguage":"en-GB"},{"@type":"Organization","@id":"https:\/\/edihadria.eu\/#organization","name":"Digitalizacija Jadranske Hrvatske","url":"https:\/\/edihadria.eu\/","logo":{"@type":"ImageObject","inLanguage":"en-GB","@id":"https:\/\/edihadria.eu\/#\/schema\/logo\/image\/","url":"https:\/\/edihadria.eu\/wp-content\/uploads\/2022\/11\/Logo-dark.png","contentUrl":"https:\/\/edihadria.eu\/wp-content\/uploads\/2022\/11\/Logo-dark.png","width":477,"height":168,"caption":"Digitalizacija Jadranske Hrvatske"},"image":{"@id":"https:\/\/edihadria.eu\/#\/schema\/logo\/image\/"}},{"@type":"Person","@id":"https:\/\/edihadria.eu\/#\/schema\/person\/480e0e0a0008c2391c90fcf92aead049","name":"Maria Grbac","image":{"@type":"ImageObject","inLanguage":"en-GB","@id":"https:\/\/secure.gravatar.com\/avatar\/6c89f9a65d16a972c95fee23091c4a487847b0a4de9d983e7c741535b07db720?s=96&d=mm&r=g","url":"https:\/\/secure.gravatar.com\/avatar\/6c89f9a65d16a972c95fee23091c4a487847b0a4de9d983e7c741535b07db720?s=96&d=mm&r=g","contentUrl":"https:\/\/secure.gravatar.com\/avatar\/6c89f9a65d16a972c95fee23091c4a487847b0a4de9d983e7c741535b07db720?s=96&d=mm&r=g","caption":"Maria Grbac"},"url":"https:\/\/edihadria.eu\/en\/author\/maria-g\/"}]}},"_links":{"self":[{"href":"https:\/\/edihadria.eu\/en\/wp-json\/wp\/v2\/posts\/12708","targetHints":{"allow":["GET"]}}],"collection":[{"href":"https:\/\/edihadria.eu\/en\/wp-json\/wp\/v2\/posts"}],"about":[{"href":"https:\/\/edihadria.eu\/en\/wp-json\/wp\/v2\/types\/post"}],"author":[{"embeddable":true,"href":"https:\/\/edihadria.eu\/en\/wp-json\/wp\/v2\/users\/23"}],"replies":[{"embeddable":true,"href":"https:\/\/edihadria.eu\/en\/wp-json\/wp\/v2\/comments?post=12708"}],"version-history":[{"count":10,"href":"https:\/\/edihadria.eu\/en\/wp-json\/wp\/v2\/posts\/12708\/revisions"}],"predecessor-version":[{"id":12720,"href":"https:\/\/edihadria.eu\/en\/wp-json\/wp\/v2\/posts\/12708\/revisions\/12720"}],"wp:featuredmedia":[{"embeddable":true,"href":"https:\/\/edihadria.eu\/en\/wp-json\/wp\/v2\/media\/12716"}],"wp:attachment":[{"href":"https:\/\/edihadria.eu\/en\/wp-json\/wp\/v2\/media?parent=12708"}],"wp:term":[{"taxonomy":"category","embeddable":true,"href":"https:\/\/edihadria.eu\/en\/wp-json\/wp\/v2\/categories?post=12708"},{"taxonomy":"post_tag","embeddable":true,"href":"https:\/\/edihadria.eu\/en\/wp-json\/wp\/v2\/tags?post=12708"}],"curies":[{"name":"wp","href":"https:\/\/api.w.org\/{rel}","templated":true}]}}