{"id":12831,"date":"2026-07-12T17:13:52","date_gmt":"2026-07-12T15:13:52","guid":{"rendered":"https:\/\/edihadria.eu\/?p=12831"},"modified":"2026-08-24T17:06:13","modified_gmt":"2026-08-24T15:06:13","slug":"edih-adria-uspjesno-zavrsio-zavrsnu-projektnu-evaluaciju","status":"publish","type":"post","link":"https:\/\/edihadria.eu\/en\/edih-adria-uspjesno-zavrsio-zavrsnu-projektnu-evaluaciju\/","title":{"rendered":"EDIH Adria successfully completed the final project evaluation"},"content":{"rendered":"<p class=\"isSelectedEnd\">EDIH Adria is one of the few European digital innovation centers from the first group of 171 centers established at the level of the European Union, which completed all project activities within the foreseen deadline and within the planned budget. All set performance indicators were achieved, which puts EDIH Adria among examples of good practice at the European level and among 3 to 5 percent of the most successful first generation centres.<\/p>\n<p class=\"isSelectedEnd\">This result was achieved thanks to the dedicated work of the entire project consortium, consisting of the University of Rijeka, Juraj Dobrila University of Pula, Ericsson Nikola Tesla, Infobip, the Science and Technology Park of the University of Rijeka \u2013 STEP RI and the Rijeka Development Agency Porin.<\/p>\n<p class=\"isSelectedEnd\">A special thanks goes to all members of the project team who, with their knowledge, experience and engagement, contributed to the successful implementation of the project and many other colleagues and associates.<\/p>\n<p class=\"isSelectedEnd\">During the implementation of the project, EDIH Adria services were used by hundreds of companies and public sector organisations as well as thousands of individual users. Their trust, interest and active participation were key to achieving the project objectives and creating a real impact in the field of digital transformation.<\/p>\n<p class=\"isSelectedEnd\">We also thank other Croatian EDIHs for their quality cooperation, knowledge exchange and joint contribution to the development of the Croatian digital innovation ecosystem.<\/p>\n<p>Thank you to all partners, team members, users and associates who were part of the success of the EDIH Adria project!<\/p>","protected":false},"excerpt":{"rendered":"<p>On 9 July, the final evaluation of the EDIH Adria project was successfully held, which concluded the first cycle of project implementation.<\/p>","protected":false},"author":6,"featured_media":12832,"comment_status":"closed","ping_status":"closed","sticky":false,"template":"","format":"standard","meta":{"footnotes":""},"categories":[50],"tags":[],"class_list":["post-12831","post","type-post","status-publish","format-standard","has-post-thumbnail","hentry","category-novosti"],"yoast_head":"<!-- This site is optimized with the Yoast SEO plugin v28.3 - https:\/\/yoast.com\/product\/yoast-seo-wordpress\/ -->\n<title>EDIH Adria uspje\u0161no zavr\u0161io zavr\u0161nu projektnu evaluaciju - Digitalizacija Jadranske Hrvatske<\/title>\n<meta name=\"robots\" content=\"index, follow, max-snippet:-1, max-image-preview:large, max-video-preview:-1\" \/>\n<link rel=\"canonical\" href=\"https:\/\/edihadria.eu\/en\/edih-adria-uspjesno-zavrsio-zavrsnu-projektnu-evaluaciju\/\" \/>\n<meta property=\"og:locale\" content=\"en_GB\" \/>\n<meta property=\"og:type\" content=\"article\" \/>\n<meta property=\"og:title\" content=\"EDIH Adria uspje\u0161no zavr\u0161io zavr\u0161nu projektnu evaluaciju - Digitalizacija Jadranske Hrvatske\" \/>\n<meta property=\"og:description\" content=\"Dana 9. srpnja uspje\u0161no je odr\u017eana zavr\u0161na evaluacija projekta Europskog digitalnog inovacijskog centra EDIH Adria, \u010dime je zaklju\u010den prvi ciklus provedbe projekta.\" \/>\n<meta property=\"og:url\" content=\"https:\/\/edihadria.eu\/en\/edih-adria-uspjesno-zavrsio-zavrsnu-projektnu-evaluaciju\/\" \/>\n<meta property=\"og:site_name\" content=\"Digitalizacija Jadranske Hrvatske\" \/>\n<meta property=\"article:published_time\" content=\"2026-07-12T15:13:52+00:00\" \/>\n<meta property=\"article:modified_time\" content=\"2026-08-24T15:06:13+00:00\" \/>\n<meta property=\"og:image\" content=\"https:\/\/edihadria.eu\/wp-content\/uploads\/2026\/07\/1783773495665.jpg\" \/>\n\t<meta property=\"og:image:width\" content=\"1280\" \/>\n\t<meta property=\"og:image:height\" content=\"855\" \/>\n\t<meta property=\"og:image:type\" content=\"image\/jpeg\" \/>\n<meta name=\"author\" content=\"Emira Brki\u0107 Karnin\u010di\u0107\" \/>\n<meta name=\"twitter:card\" content=\"summary_large_image\" \/>\n<meta name=\"twitter:label1\" content=\"Written by\" \/>\n\t<meta name=\"twitter:data1\" content=\"Emira Brki\u0107 Karnin\u010di\u0107\" \/>\n\t<meta name=\"twitter:label2\" content=\"Estimated reading time\" \/>\n\t<meta name=\"twitter:data2\" content=\"2 minutes\" \/>\n<script type=\"application\/ld+json\" class=\"yoast-schema-graph\">{\"@context\":\"https:\\\/\\\/schema.org\",\"@graph\":[{\"@type\":\"Article\",\"@id\":\"https:\\\/\\\/edihadria.eu\\\/edih-adria-uspjesno-zavrsio-zavrsnu-projektnu-evaluaciju\\\/#article\",\"isPartOf\":{\"@id\":\"https:\\\/\\\/edihadria.eu\\\/edih-adria-uspjesno-zavrsio-zavrsnu-projektnu-evaluaciju\\\/\"},\"author\":{\"name\":\"Emira Brki\u0107 Karnin\u010di\u0107\",\"@id\":\"https:\\\/\\\/edihadria.eu\\\/#\\\/schema\\\/person\\\/94df10824533eca3d05833421d2ba13e\"},\"headline\":\"EDIH Adria uspje\u0161no zavr\u0161io zavr\u0161nu projektnu evaluaciju\",\"datePublished\":\"2026-07-12T15:13:52+00:00\",\"dateModified\":\"2026-08-24T15:06:13+00:00\",\"mainEntityOfPage\":{\"@id\":\"https:\\\/\\\/edihadria.eu\\\/edih-adria-uspjesno-zavrsio-zavrsnu-projektnu-evaluaciju\\\/\"},\"wordCount\":228,\"publisher\":{\"@id\":\"https:\\\/\\\/edihadria.eu\\\/#organization\"},\"image\":{\"@id\":\"https:\\\/\\\/edihadria.eu\\\/edih-adria-uspjesno-zavrsio-zavrsnu-projektnu-evaluaciju\\\/#primaryimage\"},\"thumbnailUrl\":\"https:\\\/\\\/edihadria.eu\\\/wp-content\\\/uploads\\\/2026\\\/07\\\/1783773495665.jpg\",\"articleSection\":[\"Novosti\"],\"inLanguage\":\"en-GB\"},{\"@type\":\"WebPage\",\"@id\":\"https:\\\/\\\/edihadria.eu\\\/edih-adria-uspjesno-zavrsio-zavrsnu-projektnu-evaluaciju\\\/\",\"url\":\"https:\\\/\\\/edihadria.eu\\\/edih-adria-uspjesno-zavrsio-zavrsnu-projektnu-evaluaciju\\\/\",\"name\":\"EDIH Adria uspje\u0161no zavr\u0161io zavr\u0161nu projektnu evaluaciju - Digitalizacija Jadranske Hrvatske\",\"isPartOf\":{\"@id\":\"https:\\\/\\\/edihadria.eu\\\/#website\"},\"primaryImageOfPage\":{\"@id\":\"https:\\\/\\\/edihadria.eu\\\/edih-adria-uspjesno-zavrsio-zavrsnu-projektnu-evaluaciju\\\/#primaryimage\"},\"image\":{\"@id\":\"https:\\\/\\\/edihadria.eu\\\/edih-adria-uspjesno-zavrsio-zavrsnu-projektnu-evaluaciju\\\/#primaryimage\"},\"thumbnailUrl\":\"https:\\\/\\\/edihadria.eu\\\/wp-content\\\/uploads\\\/2026\\\/07\\\/1783773495665.jpg\",\"datePublished\":\"2026-07-12T15:13:52+00:00\",\"dateModified\":\"2026-08-24T15:06:13+00:00\",\"breadcrumb\":{\"@id\":\"https:\\\/\\\/edihadria.eu\\\/edih-adria-uspjesno-zavrsio-zavrsnu-projektnu-evaluaciju\\\/#breadcrumb\"},\"inLanguage\":\"en-GB\",\"potentialAction\":[{\"@type\":\"ReadAction\",\"target\":[\"https:\\\/\\\/edihadria.eu\\\/edih-adria-uspjesno-zavrsio-zavrsnu-projektnu-evaluaciju\\\/\"]}]},{\"@type\":\"ImageObject\",\"inLanguage\":\"en-GB\",\"@id\":\"https:\\\/\\\/edihadria.eu\\\/edih-adria-uspjesno-zavrsio-zavrsnu-projektnu-evaluaciju\\\/#primaryimage\",\"url\":\"https:\\\/\\\/edihadria.eu\\\/wp-content\\\/uploads\\\/2026\\\/07\\\/1783773495665.jpg\",\"contentUrl\":\"https:\\\/\\\/edihadria.eu\\\/wp-content\\\/uploads\\\/2026\\\/07\\\/1783773495665.jpg\",\"width\":1280,\"height\":855},{\"@type\":\"BreadcrumbList\",\"@id\":\"https:\\\/\\\/edihadria.eu\\\/edih-adria-uspjesno-zavrsio-zavrsnu-projektnu-evaluaciju\\\/#breadcrumb\",\"itemListElement\":[{\"@type\":\"ListItem\",\"position\":1,\"name\":\"Po\u010detna stranica\",\"item\":\"https:\\\/\\\/edihadria.eu\\\/\"},{\"@type\":\"ListItem\",\"position\":2,\"name\":\"EDIH Adria uspje\u0161no zavr\u0161io zavr\u0161nu projektnu evaluaciju\"}]},{\"@type\":\"WebSite\",\"@id\":\"https:\\\/\\\/edihadria.eu\\\/#website\",\"url\":\"https:\\\/\\\/edihadria.eu\\\/\",\"name\":\"Digitalizacija Jadranske Hrvatske\",\"description\":\"EDIH Adria\",\"publisher\":{\"@id\":\"https:\\\/\\\/edihadria.eu\\\/#organization\"},\"potentialAction\":[{\"@type\":\"SearchAction\",\"target\":{\"@type\":\"EntryPoint\",\"urlTemplate\":\"https:\\\/\\\/edihadria.eu\\\/?s={search_term_string}\"},\"query-input\":{\"@type\":\"PropertyValueSpecification\",\"valueRequired\":true,\"valueName\":\"search_term_string\"}}],\"inLanguage\":\"en-GB\"},{\"@type\":\"Organization\",\"@id\":\"https:\\\/\\\/edihadria.eu\\\/#organization\",\"name\":\"Digitalizacija Jadranske Hrvatske\",\"url\":\"https:\\\/\\\/edihadria.eu\\\/\",\"logo\":{\"@type\":\"ImageObject\",\"inLanguage\":\"en-GB\",\"@id\":\"https:\\\/\\\/edihadria.eu\\\/#\\\/schema\\\/logo\\\/image\\\/\",\"url\":\"https:\\\/\\\/edihadria.eu\\\/wp-content\\\/uploads\\\/2022\\\/11\\\/Logo-dark.png\",\"contentUrl\":\"https:\\\/\\\/edihadria.eu\\\/wp-content\\\/uploads\\\/2022\\\/11\\\/Logo-dark.png\",\"width\":477,\"height\":168,\"caption\":\"Digitalizacija Jadranske Hrvatske\"},\"image\":{\"@id\":\"https:\\\/\\\/edihadria.eu\\\/#\\\/schema\\\/logo\\\/image\\\/\"}},{\"@type\":\"Person\",\"@id\":\"https:\\\/\\\/edihadria.eu\\\/#\\\/schema\\\/person\\\/94df10824533eca3d05833421d2ba13e\",\"name\":\"Emira Brki\u0107 Karnin\u010di\u0107\",\"image\":{\"@type\":\"ImageObject\",\"inLanguage\":\"en-GB\",\"@id\":\"https:\\\/\\\/secure.gravatar.com\\\/avatar\\\/58d43152b49f80266f4b77e32b6c0b6906b893055e2ac7146e54259130e7f780?s=96&d=mm&r=g\",\"url\":\"https:\\\/\\\/secure.gravatar.com\\\/avatar\\\/58d43152b49f80266f4b77e32b6c0b6906b893055e2ac7146e54259130e7f780?s=96&d=mm&r=g\",\"contentUrl\":\"https:\\\/\\\/secure.gravatar.com\\\/avatar\\\/58d43152b49f80266f4b77e32b6c0b6906b893055e2ac7146e54259130e7f780?s=96&d=mm&r=g\",\"caption\":\"Emira Brki\u0107 Karnin\u010di\u0107\"},\"url\":\"https:\\\/\\\/edihadria.eu\\\/en\\\/author\\\/emira\\\/\"}]}<\/script>\n<!-- \/ Yoast SEO plugin. -->","yoast_head_json":{"title":"EDIH Adria uspje\u0161no zavr\u0161io zavr\u0161nu projektnu evaluaciju - Digitalizacija Jadranske Hrvatske","robots":{"index":"index","follow":"follow","max-snippet":"max-snippet:-1","max-image-preview":"max-image-preview:large","max-video-preview":"max-video-preview:-1"},"canonical":"https:\/\/edihadria.eu\/en\/edih-adria-uspjesno-zavrsio-zavrsnu-projektnu-evaluaciju\/","og_locale":"en_GB","og_type":"article","og_title":"EDIH Adria uspje\u0161no zavr\u0161io zavr\u0161nu projektnu evaluaciju - Digitalizacija Jadranske Hrvatske","og_description":"Dana 9. srpnja uspje\u0161no je odr\u017eana zavr\u0161na evaluacija projekta Europskog digitalnog inovacijskog centra EDIH Adria, \u010dime je zaklju\u010den prvi ciklus provedbe projekta.","og_url":"https:\/\/edihadria.eu\/en\/edih-adria-uspjesno-zavrsio-zavrsnu-projektnu-evaluaciju\/","og_site_name":"Digitalizacija Jadranske Hrvatske","article_published_time":"2026-07-12T15:13:52+00:00","article_modified_time":"2026-08-24T15:06:13+00:00","og_image":[{"width":1280,"height":855,"url":"https:\/\/edihadria.eu\/wp-content\/uploads\/2026\/07\/1783773495665.jpg","type":"image\/jpeg"}],"author":"Emira Brki\u0107 Karnin\u010di\u0107","twitter_card":"summary_large_image","twitter_misc":{"Written by":"Emira Brki\u0107 Karnin\u010di\u0107","Estimated reading time":"2 minutes"},"schema":{"@context":"https:\/\/schema.org","@graph":[{"@type":"Article","@id":"https:\/\/edihadria.eu\/edih-adria-uspjesno-zavrsio-zavrsnu-projektnu-evaluaciju\/#article","isPartOf":{"@id":"https:\/\/edihadria.eu\/edih-adria-uspjesno-zavrsio-zavrsnu-projektnu-evaluaciju\/"},"author":{"name":"Emira Brki\u0107 Karnin\u010di\u0107","@id":"https:\/\/edihadria.eu\/#\/schema\/person\/94df10824533eca3d05833421d2ba13e"},"headline":"EDIH Adria uspje\u0161no zavr\u0161io zavr\u0161nu projektnu evaluaciju","datePublished":"2026-07-12T15:13:52+00:00","dateModified":"2026-08-24T15:06:13+00:00","mainEntityOfPage":{"@id":"https:\/\/edihadria.eu\/edih-adria-uspjesno-zavrsio-zavrsnu-projektnu-evaluaciju\/"},"wordCount":228,"publisher":{"@id":"https:\/\/edihadria.eu\/#organization"},"image":{"@id":"https:\/\/edihadria.eu\/edih-adria-uspjesno-zavrsio-zavrsnu-projektnu-evaluaciju\/#primaryimage"},"thumbnailUrl":"https:\/\/edihadria.eu\/wp-content\/uploads\/2026\/07\/1783773495665.jpg","articleSection":["Novosti"],"inLanguage":"en-GB"},{"@type":"WebPage","@id":"https:\/\/edihadria.eu\/edih-adria-uspjesno-zavrsio-zavrsnu-projektnu-evaluaciju\/","url":"https:\/\/edihadria.eu\/edih-adria-uspjesno-zavrsio-zavrsnu-projektnu-evaluaciju\/","name":"EDIH Adria uspje\u0161no zavr\u0161io zavr\u0161nu projektnu evaluaciju - Digitalizacija Jadranske Hrvatske","isPartOf":{"@id":"https:\/\/edihadria.eu\/#website"},"primaryImageOfPage":{"@id":"https:\/\/edihadria.eu\/edih-adria-uspjesno-zavrsio-zavrsnu-projektnu-evaluaciju\/#primaryimage"},"image":{"@id":"https:\/\/edihadria.eu\/edih-adria-uspjesno-zavrsio-zavrsnu-projektnu-evaluaciju\/#primaryimage"},"thumbnailUrl":"https:\/\/edihadria.eu\/wp-content\/uploads\/2026\/07\/1783773495665.jpg","datePublished":"2026-07-12T15:13:52+00:00","dateModified":"2026-08-24T15:06:13+00:00","breadcrumb":{"@id":"https:\/\/edihadria.eu\/edih-adria-uspjesno-zavrsio-zavrsnu-projektnu-evaluaciju\/#breadcrumb"},"inLanguage":"en-GB","potentialAction":[{"@type":"ReadAction","target":["https:\/\/edihadria.eu\/edih-adria-uspjesno-zavrsio-zavrsnu-projektnu-evaluaciju\/"]}]},{"@type":"ImageObject","inLanguage":"en-GB","@id":"https:\/\/edihadria.eu\/edih-adria-uspjesno-zavrsio-zavrsnu-projektnu-evaluaciju\/#primaryimage","url":"https:\/\/edihadria.eu\/wp-content\/uploads\/2026\/07\/1783773495665.jpg","contentUrl":"https:\/\/edihadria.eu\/wp-content\/uploads\/2026\/07\/1783773495665.jpg","width":1280,"height":855},{"@type":"BreadcrumbList","@id":"https:\/\/edihadria.eu\/edih-adria-uspjesno-zavrsio-zavrsnu-projektnu-evaluaciju\/#breadcrumb","itemListElement":[{"@type":"ListItem","position":1,"name":"Po\u010detna stranica","item":"https:\/\/edihadria.eu\/"},{"@type":"ListItem","position":2,"name":"EDIH Adria uspje\u0161no zavr\u0161io zavr\u0161nu projektnu evaluaciju"}]},{"@type":"WebSite","@id":"https:\/\/edihadria.eu\/#website","url":"https:\/\/edihadria.eu\/","name":"Digitalizacija Jadranske Hrvatske","description":"EDIH Adria","publisher":{"@id":"https:\/\/edihadria.eu\/#organization"},"potentialAction":[{"@type":"SearchAction","target":{"@type":"EntryPoint","urlTemplate":"https:\/\/edihadria.eu\/?s={search_term_string}"},"query-input":{"@type":"PropertyValueSpecification","valueRequired":true,"valueName":"search_term_string"}}],"inLanguage":"en-GB"},{"@type":"Organization","@id":"https:\/\/edihadria.eu\/#organization","name":"Digitalizacija Jadranske Hrvatske","url":"https:\/\/edihadria.eu\/","logo":{"@type":"ImageObject","inLanguage":"en-GB","@id":"https:\/\/edihadria.eu\/#\/schema\/logo\/image\/","url":"https:\/\/edihadria.eu\/wp-content\/uploads\/2022\/11\/Logo-dark.png","contentUrl":"https:\/\/edihadria.eu\/wp-content\/uploads\/2022\/11\/Logo-dark.png","width":477,"height":168,"caption":"Digitalizacija Jadranske Hrvatske"},"image":{"@id":"https:\/\/edihadria.eu\/#\/schema\/logo\/image\/"}},{"@type":"Person","@id":"https:\/\/edihadria.eu\/#\/schema\/person\/94df10824533eca3d05833421d2ba13e","name":"Emira Brki\u0107 Karnin\u010di\u0107","image":{"@type":"ImageObject","inLanguage":"en-GB","@id":"https:\/\/secure.gravatar.com\/avatar\/58d43152b49f80266f4b77e32b6c0b6906b893055e2ac7146e54259130e7f780?s=96&d=mm&r=g","url":"https:\/\/secure.gravatar.com\/avatar\/58d43152b49f80266f4b77e32b6c0b6906b893055e2ac7146e54259130e7f780?s=96&d=mm&r=g","contentUrl":"https:\/\/secure.gravatar.com\/avatar\/58d43152b49f80266f4b77e32b6c0b6906b893055e2ac7146e54259130e7f780?s=96&d=mm&r=g","caption":"Emira Brki\u0107 Karnin\u010di\u0107"},"url":"https:\/\/edihadria.eu\/en\/author\/emira\/"}]}},"_links":{"self":[{"href":"https:\/\/edihadria.eu\/en\/wp-json\/wp\/v2\/posts\/12831","targetHints":{"allow":["GET"]}}],"collection":[{"href":"https:\/\/edihadria.eu\/en\/wp-json\/wp\/v2\/posts"}],"about":[{"href":"https:\/\/edihadria.eu\/en\/wp-json\/wp\/v2\/types\/post"}],"author":[{"embeddable":true,"href":"https:\/\/edihadria.eu\/en\/wp-json\/wp\/v2\/users\/6"}],"replies":[{"embeddable":true,"href":"https:\/\/edihadria.eu\/en\/wp-json\/wp\/v2\/comments?post=12831"}],"version-history":[{"count":4,"href":"https:\/\/edihadria.eu\/en\/wp-json\/wp\/v2\/posts\/12831\/revisions"}],"predecessor-version":[{"id":19321,"href":"https:\/\/edihadria.eu\/en\/wp-json\/wp\/v2\/posts\/12831\/revisions\/19321"}],"wp:featuredmedia":[{"embeddable":true,"href":"https:\/\/edihadria.eu\/en\/wp-json\/wp\/v2\/media\/12832"}],"wp:attachment":[{"href":"https:\/\/edihadria.eu\/en\/wp-json\/wp\/v2\/media?parent=12831"}],"wp:term":[{"taxonomy":"category","embeddable":true,"href":"https:\/\/edihadria.eu\/en\/wp-json\/wp\/v2\/categories?post=12831"},{"taxonomy":"post_tag","embeddable":true,"href":"https:\/\/edihadria.eu\/en\/wp-json\/wp\/v2\/tags?post=12831"}],"curies":[{"name":"wp","href":"https:\/\/api.w.org\/{rel}","templated":true}]}}