{"id":1362,"date":"2023-03-31T12:22:00","date_gmt":"2023-03-31T10:22:00","guid":{"rendered":"https:\/\/edihadria.eu\/?p=1362"},"modified":"2023-06-29T15:46:22","modified_gmt":"2023-06-29T13:46:22","slug":"edih-adria-predstavljen-na-konferenciji-dani-e-infrastrukture-srce-dei-2023","status":"publish","type":"post","link":"https:\/\/edihadria.eu\/en\/edih-adria-predstavljen-na-konferenciji-dani-e-infrastrukture-srce-dei-2023\/","title":{"rendered":"EDIH Adria presented at the conference Days of E- Infrastructure SRCE DEI 2023"},"content":{"rendered":"<p class=\"wp-block-paragraph\">From 28th to 30th March, the annual conference of SRCE Days of e-infrastructure Srce DEI 2023 was held, as well as the final conference of the national strategic project Croatian Scientific and Educational Cloud (HR-ZOO). The Srce DEI 2023 conference was held under the auspices of the Ministry of Science and Education, the Rectors' Conference of the Republic of Croatia and the City of Zagreb.<\/p>\n\n\n\n<p class=\"wp-block-paragraph\">Over three days, the conference was attended by more than 430 participants, 13 workshops were held, more than 45 lecturers held lectures that were divided into ten thematic blocks and 4 panels were held during which experts exchanged knowledge, experience and expectations and ideas for further development in the field of advanced computing in science and economy, open scientific publications, quantum technologies and quantum communications, and in the field of open science. <\/p>\n\n\n\n<figure class=\"wp-block-image size-large\"><img fetchpriority=\"high\" decoding=\"async\" width=\"1024\" height=\"576\" src=\"https:\/\/edihadria.eu\/wp-content\/uploads\/2023\/06\/Snimka-zaslona-2023-06-29-154309-1024x576.png\" alt=\"\" class=\"wp-image-1397\" srcset=\"https:\/\/edihadria.eu\/wp-content\/uploads\/2023\/06\/Snimka-zaslona-2023-06-29-154309-1024x576.png 1024w, https:\/\/edihadria.eu\/wp-content\/uploads\/2023\/06\/Snimka-zaslona-2023-06-29-154309-300x169.png 300w, https:\/\/edihadria.eu\/wp-content\/uploads\/2023\/06\/Snimka-zaslona-2023-06-29-154309-768x432.png 768w, https:\/\/edihadria.eu\/wp-content\/uploads\/2023\/06\/Snimka-zaslona-2023-06-29-154309.png 1348w\" sizes=\"(max-width: 1024px) 100vw, 1024px\" \/><\/figure>\n\n\n\n<p class=\"wp-block-paragraph\">EDIH ADRIA project is presented as an interesting source of support and funding for small and medium-sized enterprises who would like to check the validity of their ideas or improve business processes within their organizations.<\/p>","protected":false},"excerpt":{"rendered":"<p>From March 28th to 30th, the annual conference of SRCE Days of e-infrastructure SRCE DEI 2023 was held, as well as the final conference of the national strategic project Croatian Scientific and Educational Cloud (HR-ZOO). The SRCE DEI 2023 conference was held under the auspices of the Ministry of Science and Education, the Rector's Council of the Republic of Croatia and the City of Zagreb. Over the course of three days, the conference was attended by [...]<\/p>","protected":false},"author":6,"featured_media":1364,"comment_status":"closed","ping_status":"open","sticky":false,"template":"","format":"standard","meta":{"footnotes":""},"categories":[50],"tags":[52],"class_list":["post-1362","post","type-post","status-publish","format-standard","has-post-thumbnail","hentry","category-novosti","tag-national"],"yoast_head":"<!-- This site is optimized with the Yoast SEO plugin v28.3 - https:\/\/yoast.com\/product\/yoast-seo-wordpress\/ -->\n<title>EDIH Adria predstavljen na konferenciji Dani E- infrastrukture SRCE DEI 2023 - Digitalizacija Jadranske Hrvatske<\/title>\n<meta name=\"robots\" content=\"index, follow, max-snippet:-1, max-image-preview:large, max-video-preview:-1\" \/>\n<link rel=\"canonical\" href=\"https:\/\/edihadria.eu\/en\/edih-adria-predstavljen-na-konferenciji-dani-e-infrastrukture-srce-dei-2023\/\" \/>\n<meta property=\"og:locale\" content=\"en_GB\" \/>\n<meta property=\"og:type\" content=\"article\" \/>\n<meta property=\"og:title\" content=\"EDIH Adria predstavljen na konferenciji Dani E- infrastrukture SRCE DEI 2023 - Digitalizacija Jadranske Hrvatske\" \/>\n<meta property=\"og:description\" content=\"Od 28. do 30. o\u017eujka odr\u017eana je godi\u0161nja konferencija Srca Dani e-infrastrukture Srce DEI 2023, ujedno i zavr\u0161na konferencija nacionalnog strate\u0161kog projekta Hrvatski znanstveni i obrazovni oblak (HR-ZOO). Konferencija Srce DEI 2023 odr\u017eana je pod pokroviteljstvom Ministarstva znanosti i obrazovanja, Rektorskog zbora Republike Hrvatske i Grada Zagreba. Tijekom tri dana, na konferenciji je sudjelovalo vi\u0161e [&hellip;]\" \/>\n<meta property=\"og:url\" content=\"https:\/\/edihadria.eu\/en\/edih-adria-predstavljen-na-konferenciji-dani-e-infrastrukture-srce-dei-2023\/\" \/>\n<meta property=\"og:site_name\" content=\"Digitalizacija Jadranske Hrvatske\" \/>\n<meta property=\"article:published_time\" content=\"2023-03-31T10:22:00+00:00\" \/>\n<meta property=\"article:modified_time\" content=\"2023-06-29T13:46:22+00:00\" \/>\n<meta property=\"og:image\" content=\"https:\/\/edihadria.eu\/wp-content\/uploads\/2023\/06\/52799792628_ea3ad91b3d_h.jpg\" \/>\n\t<meta property=\"og:image:width\" content=\"1600\" \/>\n\t<meta property=\"og:image:height\" content=\"1067\" \/>\n\t<meta property=\"og:image:type\" content=\"image\/jpeg\" \/>\n<meta name=\"author\" content=\"Emira Brki\u0107 Karnin\u010di\u0107\" \/>\n<meta name=\"twitter:card\" content=\"summary_large_image\" \/>\n<meta name=\"twitter:label1\" content=\"Written by\" \/>\n\t<meta name=\"twitter:data1\" content=\"Emira Brki\u0107 Karnin\u010di\u0107\" \/>\n\t<meta name=\"twitter:label2\" content=\"Estimated reading time\" \/>\n\t<meta name=\"twitter:data2\" content=\"2 minutes\" \/>\n<script type=\"application\/ld+json\" class=\"yoast-schema-graph\">{\"@context\":\"https:\\\/\\\/schema.org\",\"@graph\":[{\"@type\":\"Article\",\"@id\":\"https:\\\/\\\/edihadria.eu\\\/edih-adria-predstavljen-na-konferenciji-dani-e-infrastrukture-srce-dei-2023\\\/#article\",\"isPartOf\":{\"@id\":\"https:\\\/\\\/edihadria.eu\\\/edih-adria-predstavljen-na-konferenciji-dani-e-infrastrukture-srce-dei-2023\\\/\"},\"author\":{\"name\":\"Emira Brki\u0107 Karnin\u010di\u0107\",\"@id\":\"https:\\\/\\\/edihadria.eu\\\/#\\\/schema\\\/person\\\/94df10824533eca3d05833421d2ba13e\"},\"headline\":\"EDIH Adria predstavljen na konferenciji Dani E- infrastrukture SRCE DEI 2023\",\"datePublished\":\"2023-03-31T10:22:00+00:00\",\"dateModified\":\"2023-06-29T13:46:22+00:00\",\"mainEntityOfPage\":{\"@id\":\"https:\\\/\\\/edihadria.eu\\\/edih-adria-predstavljen-na-konferenciji-dani-e-infrastrukture-srce-dei-2023\\\/\"},\"wordCount\":167,\"publisher\":{\"@id\":\"https:\\\/\\\/edihadria.eu\\\/#organization\"},\"image\":{\"@id\":\"https:\\\/\\\/edihadria.eu\\\/edih-adria-predstavljen-na-konferenciji-dani-e-infrastrukture-srce-dei-2023\\\/#primaryimage\"},\"thumbnailUrl\":\"https:\\\/\\\/edihadria.eu\\\/wp-content\\\/uploads\\\/2023\\\/06\\\/52799792628_ea3ad91b3d_h.jpg\",\"keywords\":[\"National\"],\"articleSection\":[\"Novosti\"],\"inLanguage\":\"en-GB\"},{\"@type\":\"WebPage\",\"@id\":\"https:\\\/\\\/edihadria.eu\\\/edih-adria-predstavljen-na-konferenciji-dani-e-infrastrukture-srce-dei-2023\\\/\",\"url\":\"https:\\\/\\\/edihadria.eu\\\/edih-adria-predstavljen-na-konferenciji-dani-e-infrastrukture-srce-dei-2023\\\/\",\"name\":\"EDIH Adria predstavljen na konferenciji Dani E- infrastrukture SRCE DEI 2023 - Digitalizacija Jadranske Hrvatske\",\"isPartOf\":{\"@id\":\"https:\\\/\\\/edihadria.eu\\\/#website\"},\"primaryImageOfPage\":{\"@id\":\"https:\\\/\\\/edihadria.eu\\\/edih-adria-predstavljen-na-konferenciji-dani-e-infrastrukture-srce-dei-2023\\\/#primaryimage\"},\"image\":{\"@id\":\"https:\\\/\\\/edihadria.eu\\\/edih-adria-predstavljen-na-konferenciji-dani-e-infrastrukture-srce-dei-2023\\\/#primaryimage\"},\"thumbnailUrl\":\"https:\\\/\\\/edihadria.eu\\\/wp-content\\\/uploads\\\/2023\\\/06\\\/52799792628_ea3ad91b3d_h.jpg\",\"datePublished\":\"2023-03-31T10:22:00+00:00\",\"dateModified\":\"2023-06-29T13:46:22+00:00\",\"breadcrumb\":{\"@id\":\"https:\\\/\\\/edihadria.eu\\\/edih-adria-predstavljen-na-konferenciji-dani-e-infrastrukture-srce-dei-2023\\\/#breadcrumb\"},\"inLanguage\":\"en-GB\",\"potentialAction\":[{\"@type\":\"ReadAction\",\"target\":[\"https:\\\/\\\/edihadria.eu\\\/edih-adria-predstavljen-na-konferenciji-dani-e-infrastrukture-srce-dei-2023\\\/\"]}]},{\"@type\":\"ImageObject\",\"inLanguage\":\"en-GB\",\"@id\":\"https:\\\/\\\/edihadria.eu\\\/edih-adria-predstavljen-na-konferenciji-dani-e-infrastrukture-srce-dei-2023\\\/#primaryimage\",\"url\":\"https:\\\/\\\/edihadria.eu\\\/wp-content\\\/uploads\\\/2023\\\/06\\\/52799792628_ea3ad91b3d_h.jpg\",\"contentUrl\":\"https:\\\/\\\/edihadria.eu\\\/wp-content\\\/uploads\\\/2023\\\/06\\\/52799792628_ea3ad91b3d_h.jpg\",\"width\":1600,\"height\":1067},{\"@type\":\"BreadcrumbList\",\"@id\":\"https:\\\/\\\/edihadria.eu\\\/edih-adria-predstavljen-na-konferenciji-dani-e-infrastrukture-srce-dei-2023\\\/#breadcrumb\",\"itemListElement\":[{\"@type\":\"ListItem\",\"position\":1,\"name\":\"Po\u010detna stranica\",\"item\":\"https:\\\/\\\/edihadria.eu\\\/\"},{\"@type\":\"ListItem\",\"position\":2,\"name\":\"EDIH Adria predstavljen na konferenciji Dani E- infrastrukture SRCE DEI 2023\"}]},{\"@type\":\"WebSite\",\"@id\":\"https:\\\/\\\/edihadria.eu\\\/#website\",\"url\":\"https:\\\/\\\/edihadria.eu\\\/\",\"name\":\"Digitalizacija Jadranske Hrvatske\",\"description\":\"EDIH Adria\",\"publisher\":{\"@id\":\"https:\\\/\\\/edihadria.eu\\\/#organization\"},\"potentialAction\":[{\"@type\":\"SearchAction\",\"target\":{\"@type\":\"EntryPoint\",\"urlTemplate\":\"https:\\\/\\\/edihadria.eu\\\/?s={search_term_string}\"},\"query-input\":{\"@type\":\"PropertyValueSpecification\",\"valueRequired\":true,\"valueName\":\"search_term_string\"}}],\"inLanguage\":\"en-GB\"},{\"@type\":\"Organization\",\"@id\":\"https:\\\/\\\/edihadria.eu\\\/#organization\",\"name\":\"Digitalizacija Jadranske Hrvatske\",\"url\":\"https:\\\/\\\/edihadria.eu\\\/\",\"logo\":{\"@type\":\"ImageObject\",\"inLanguage\":\"en-GB\",\"@id\":\"https:\\\/\\\/edihadria.eu\\\/#\\\/schema\\\/logo\\\/image\\\/\",\"url\":\"https:\\\/\\\/edihadria.eu\\\/wp-content\\\/uploads\\\/2022\\\/11\\\/Logo-dark.png\",\"contentUrl\":\"https:\\\/\\\/edihadria.eu\\\/wp-content\\\/uploads\\\/2022\\\/11\\\/Logo-dark.png\",\"width\":477,\"height\":168,\"caption\":\"Digitalizacija Jadranske Hrvatske\"},\"image\":{\"@id\":\"https:\\\/\\\/edihadria.eu\\\/#\\\/schema\\\/logo\\\/image\\\/\"}},{\"@type\":\"Person\",\"@id\":\"https:\\\/\\\/edihadria.eu\\\/#\\\/schema\\\/person\\\/94df10824533eca3d05833421d2ba13e\",\"name\":\"Emira Brki\u0107 Karnin\u010di\u0107\",\"image\":{\"@type\":\"ImageObject\",\"inLanguage\":\"en-GB\",\"@id\":\"https:\\\/\\\/secure.gravatar.com\\\/avatar\\\/58d43152b49f80266f4b77e32b6c0b6906b893055e2ac7146e54259130e7f780?s=96&d=mm&r=g\",\"url\":\"https:\\\/\\\/secure.gravatar.com\\\/avatar\\\/58d43152b49f80266f4b77e32b6c0b6906b893055e2ac7146e54259130e7f780?s=96&d=mm&r=g\",\"contentUrl\":\"https:\\\/\\\/secure.gravatar.com\\\/avatar\\\/58d43152b49f80266f4b77e32b6c0b6906b893055e2ac7146e54259130e7f780?s=96&d=mm&r=g\",\"caption\":\"Emira Brki\u0107 Karnin\u010di\u0107\"},\"url\":\"https:\\\/\\\/edihadria.eu\\\/en\\\/author\\\/emira\\\/\"}]}<\/script>\n<!-- \/ Yoast SEO plugin. -->","yoast_head_json":{"title":"EDIH Adria predstavljen na konferenciji Dani E- infrastrukture SRCE DEI 2023 - Digitalizacija Jadranske Hrvatske","robots":{"index":"index","follow":"follow","max-snippet":"max-snippet:-1","max-image-preview":"max-image-preview:large","max-video-preview":"max-video-preview:-1"},"canonical":"https:\/\/edihadria.eu\/en\/edih-adria-predstavljen-na-konferenciji-dani-e-infrastrukture-srce-dei-2023\/","og_locale":"en_GB","og_type":"article","og_title":"EDIH Adria predstavljen na konferenciji Dani E- infrastrukture SRCE DEI 2023 - Digitalizacija Jadranske Hrvatske","og_description":"Od 28. do 30. o\u017eujka odr\u017eana je godi\u0161nja konferencija Srca Dani e-infrastrukture Srce DEI 2023, ujedno i zavr\u0161na konferencija nacionalnog strate\u0161kog projekta Hrvatski znanstveni i obrazovni oblak (HR-ZOO). Konferencija Srce DEI 2023 odr\u017eana je pod pokroviteljstvom Ministarstva znanosti i obrazovanja, Rektorskog zbora Republike Hrvatske i Grada Zagreba. Tijekom tri dana, na konferenciji je sudjelovalo vi\u0161e [&hellip;]","og_url":"https:\/\/edihadria.eu\/en\/edih-adria-predstavljen-na-konferenciji-dani-e-infrastrukture-srce-dei-2023\/","og_site_name":"Digitalizacija Jadranske Hrvatske","article_published_time":"2023-03-31T10:22:00+00:00","article_modified_time":"2023-06-29T13:46:22+00:00","og_image":[{"width":1600,"height":1067,"url":"https:\/\/edihadria.eu\/wp-content\/uploads\/2023\/06\/52799792628_ea3ad91b3d_h.jpg","type":"image\/jpeg"}],"author":"Emira Brki\u0107 Karnin\u010di\u0107","twitter_card":"summary_large_image","twitter_misc":{"Written by":"Emira Brki\u0107 Karnin\u010di\u0107","Estimated reading time":"2 minutes"},"schema":{"@context":"https:\/\/schema.org","@graph":[{"@type":"Article","@id":"https:\/\/edihadria.eu\/edih-adria-predstavljen-na-konferenciji-dani-e-infrastrukture-srce-dei-2023\/#article","isPartOf":{"@id":"https:\/\/edihadria.eu\/edih-adria-predstavljen-na-konferenciji-dani-e-infrastrukture-srce-dei-2023\/"},"author":{"name":"Emira Brki\u0107 Karnin\u010di\u0107","@id":"https:\/\/edihadria.eu\/#\/schema\/person\/94df10824533eca3d05833421d2ba13e"},"headline":"EDIH Adria predstavljen na konferenciji Dani E- infrastrukture SRCE DEI 2023","datePublished":"2023-03-31T10:22:00+00:00","dateModified":"2023-06-29T13:46:22+00:00","mainEntityOfPage":{"@id":"https:\/\/edihadria.eu\/edih-adria-predstavljen-na-konferenciji-dani-e-infrastrukture-srce-dei-2023\/"},"wordCount":167,"publisher":{"@id":"https:\/\/edihadria.eu\/#organization"},"image":{"@id":"https:\/\/edihadria.eu\/edih-adria-predstavljen-na-konferenciji-dani-e-infrastrukture-srce-dei-2023\/#primaryimage"},"thumbnailUrl":"https:\/\/edihadria.eu\/wp-content\/uploads\/2023\/06\/52799792628_ea3ad91b3d_h.jpg","keywords":["National"],"articleSection":["Novosti"],"inLanguage":"en-GB"},{"@type":"WebPage","@id":"https:\/\/edihadria.eu\/edih-adria-predstavljen-na-konferenciji-dani-e-infrastrukture-srce-dei-2023\/","url":"https:\/\/edihadria.eu\/edih-adria-predstavljen-na-konferenciji-dani-e-infrastrukture-srce-dei-2023\/","name":"EDIH Adria predstavljen na konferenciji Dani E- infrastrukture SRCE DEI 2023 - Digitalizacija Jadranske Hrvatske","isPartOf":{"@id":"https:\/\/edihadria.eu\/#website"},"primaryImageOfPage":{"@id":"https:\/\/edihadria.eu\/edih-adria-predstavljen-na-konferenciji-dani-e-infrastrukture-srce-dei-2023\/#primaryimage"},"image":{"@id":"https:\/\/edihadria.eu\/edih-adria-predstavljen-na-konferenciji-dani-e-infrastrukture-srce-dei-2023\/#primaryimage"},"thumbnailUrl":"https:\/\/edihadria.eu\/wp-content\/uploads\/2023\/06\/52799792628_ea3ad91b3d_h.jpg","datePublished":"2023-03-31T10:22:00+00:00","dateModified":"2023-06-29T13:46:22+00:00","breadcrumb":{"@id":"https:\/\/edihadria.eu\/edih-adria-predstavljen-na-konferenciji-dani-e-infrastrukture-srce-dei-2023\/#breadcrumb"},"inLanguage":"en-GB","potentialAction":[{"@type":"ReadAction","target":["https:\/\/edihadria.eu\/edih-adria-predstavljen-na-konferenciji-dani-e-infrastrukture-srce-dei-2023\/"]}]},{"@type":"ImageObject","inLanguage":"en-GB","@id":"https:\/\/edihadria.eu\/edih-adria-predstavljen-na-konferenciji-dani-e-infrastrukture-srce-dei-2023\/#primaryimage","url":"https:\/\/edihadria.eu\/wp-content\/uploads\/2023\/06\/52799792628_ea3ad91b3d_h.jpg","contentUrl":"https:\/\/edihadria.eu\/wp-content\/uploads\/2023\/06\/52799792628_ea3ad91b3d_h.jpg","width":1600,"height":1067},{"@type":"BreadcrumbList","@id":"https:\/\/edihadria.eu\/edih-adria-predstavljen-na-konferenciji-dani-e-infrastrukture-srce-dei-2023\/#breadcrumb","itemListElement":[{"@type":"ListItem","position":1,"name":"Po\u010detna stranica","item":"https:\/\/edihadria.eu\/"},{"@type":"ListItem","position":2,"name":"EDIH Adria predstavljen na konferenciji Dani E- infrastrukture SRCE DEI 2023"}]},{"@type":"WebSite","@id":"https:\/\/edihadria.eu\/#website","url":"https:\/\/edihadria.eu\/","name":"Digitalizacija Jadranske Hrvatske","description":"EDIH Adria","publisher":{"@id":"https:\/\/edihadria.eu\/#organization"},"potentialAction":[{"@type":"SearchAction","target":{"@type":"EntryPoint","urlTemplate":"https:\/\/edihadria.eu\/?s={search_term_string}"},"query-input":{"@type":"PropertyValueSpecification","valueRequired":true,"valueName":"search_term_string"}}],"inLanguage":"en-GB"},{"@type":"Organization","@id":"https:\/\/edihadria.eu\/#organization","name":"Digitalizacija Jadranske Hrvatske","url":"https:\/\/edihadria.eu\/","logo":{"@type":"ImageObject","inLanguage":"en-GB","@id":"https:\/\/edihadria.eu\/#\/schema\/logo\/image\/","url":"https:\/\/edihadria.eu\/wp-content\/uploads\/2022\/11\/Logo-dark.png","contentUrl":"https:\/\/edihadria.eu\/wp-content\/uploads\/2022\/11\/Logo-dark.png","width":477,"height":168,"caption":"Digitalizacija Jadranske Hrvatske"},"image":{"@id":"https:\/\/edihadria.eu\/#\/schema\/logo\/image\/"}},{"@type":"Person","@id":"https:\/\/edihadria.eu\/#\/schema\/person\/94df10824533eca3d05833421d2ba13e","name":"Emira Brki\u0107 Karnin\u010di\u0107","image":{"@type":"ImageObject","inLanguage":"en-GB","@id":"https:\/\/secure.gravatar.com\/avatar\/58d43152b49f80266f4b77e32b6c0b6906b893055e2ac7146e54259130e7f780?s=96&d=mm&r=g","url":"https:\/\/secure.gravatar.com\/avatar\/58d43152b49f80266f4b77e32b6c0b6906b893055e2ac7146e54259130e7f780?s=96&d=mm&r=g","contentUrl":"https:\/\/secure.gravatar.com\/avatar\/58d43152b49f80266f4b77e32b6c0b6906b893055e2ac7146e54259130e7f780?s=96&d=mm&r=g","caption":"Emira Brki\u0107 Karnin\u010di\u0107"},"url":"https:\/\/edihadria.eu\/en\/author\/emira\/"}]}},"_links":{"self":[{"href":"https:\/\/edihadria.eu\/en\/wp-json\/wp\/v2\/posts\/1362","targetHints":{"allow":["GET"]}}],"collection":[{"href":"https:\/\/edihadria.eu\/en\/wp-json\/wp\/v2\/posts"}],"about":[{"href":"https:\/\/edihadria.eu\/en\/wp-json\/wp\/v2\/types\/post"}],"author":[{"embeddable":true,"href":"https:\/\/edihadria.eu\/en\/wp-json\/wp\/v2\/users\/6"}],"replies":[{"embeddable":true,"href":"https:\/\/edihadria.eu\/en\/wp-json\/wp\/v2\/comments?post=1362"}],"version-history":[{"count":2,"href":"https:\/\/edihadria.eu\/en\/wp-json\/wp\/v2\/posts\/1362\/revisions"}],"predecessor-version":[{"id":1399,"href":"https:\/\/edihadria.eu\/en\/wp-json\/wp\/v2\/posts\/1362\/revisions\/1399"}],"wp:featuredmedia":[{"embeddable":true,"href":"https:\/\/edihadria.eu\/en\/wp-json\/wp\/v2\/media\/1364"}],"wp:attachment":[{"href":"https:\/\/edihadria.eu\/en\/wp-json\/wp\/v2\/media?parent=1362"}],"wp:term":[{"taxonomy":"category","embeddable":true,"href":"https:\/\/edihadria.eu\/en\/wp-json\/wp\/v2\/categories?post=1362"},{"taxonomy":"post_tag","embeddable":true,"href":"https:\/\/edihadria.eu\/en\/wp-json\/wp\/v2\/tags?post=1362"}],"curies":[{"name":"wp","href":"https:\/\/api.w.org\/{rel}","templated":true}]}}