{"id":1366,"date":"2023-03-19T13:30:00","date_gmt":"2023-03-19T12:30:00","guid":{"rendered":"https:\/\/edihadria.eu\/?p=1366"},"modified":"2023-06-29T16:27:37","modified_gmt":"2023-06-29T14:27:37","slug":"digitalni-blizanci-i-integracija-iot-platformi-na-c2bim-konferenciji","status":"publish","type":"post","link":"https:\/\/edihadria.eu\/en\/digitalni-blizanci-i-integracija-iot-platformi-na-c2bim-konferenciji\/","title":{"rendered":"Digital Twins and IoT Platform Integration at the C2BIM Conference"},"content":{"rendered":"<p class=\"wp-block-paragraph\">The EDIH ADRIA project was presented at the successful C2BIM conference, a large auditorium of experts in the field of urban planning, architecture and civil engineering. The need for small businesses to switch faster to complex BIM and Digital Twin solutions is the only way to remain competitive in the world of globalised services \u2013 of course with the help of EDIH.<\/p>\n\n\n\n<figure class=\"wp-block-image size-large\"><img fetchpriority=\"high\" decoding=\"async\" width=\"1024\" height=\"682\" src=\"https:\/\/edihadria.eu\/wp-content\/uploads\/2023\/06\/C2BIM_2-1024x682.jpg\" alt=\"\" class=\"wp-image-1367\" srcset=\"https:\/\/edihadria.eu\/wp-content\/uploads\/2023\/06\/C2BIM_2-1024x682.jpg 1024w, https:\/\/edihadria.eu\/wp-content\/uploads\/2023\/06\/C2BIM_2-300x200.jpg 300w, https:\/\/edihadria.eu\/wp-content\/uploads\/2023\/06\/C2BIM_2-768x512.jpg 768w, https:\/\/edihadria.eu\/wp-content\/uploads\/2023\/06\/C2BIM_2.jpg 1280w\" sizes=\"(max-width: 1024px) 100vw, 1024px\" \/><figcaption class=\"wp-element-caption\">Plenty of young architects at the conference (Source: C2BIM)<\/figcaption><\/figure>\n\n\n\n<p class=\"wp-block-paragraph\">Numerous new technological solutions from the domain of BIM platforms were presented at the conference, and practical demonstrations of tools were particularly interesting.<\/p>\n\n\n\n<figure class=\"wp-block-image size-large\"><img decoding=\"async\" width=\"1024\" height=\"684\" src=\"https:\/\/edihadria.eu\/wp-content\/uploads\/2023\/06\/Snimka-zaslona-2023-06-29-161446-1024x684.png\" alt=\"\" class=\"wp-image-1420\" srcset=\"https:\/\/edihadria.eu\/wp-content\/uploads\/2023\/06\/Snimka-zaslona-2023-06-29-161446-1024x684.png 1024w, https:\/\/edihadria.eu\/wp-content\/uploads\/2023\/06\/Snimka-zaslona-2023-06-29-161446-300x200.png 300w, https:\/\/edihadria.eu\/wp-content\/uploads\/2023\/06\/Snimka-zaslona-2023-06-29-161446-768x513.png 768w, https:\/\/edihadria.eu\/wp-content\/uploads\/2023\/06\/Snimka-zaslona-2023-06-29-161446-1536x1026.png 1536w, https:\/\/edihadria.eu\/wp-content\/uploads\/2023\/06\/Snimka-zaslona-2023-06-29-161446-2048x1368.png 2048w\" sizes=\"(max-width: 1024px) 100vw, 1024px\" \/><figcaption class=\"wp-element-caption\">Marin Ra\u010di\u0107, MR2 \u2013 leading BIM expert in Croatia (Source: C2BIM)<\/figcaption><\/figure>\n\n\n\n<p class=\"wp-block-paragraph\">The introductory lecture was held by Marko Dobrovi\u0107 from 3LHD, who pointed out the need for faster changes in the acceptance of new technologies<\/p>\n\n\n\n<figure class=\"wp-block-image size-large\"><img decoding=\"async\" width=\"1024\" height=\"683\" src=\"https:\/\/edihadria.eu\/wp-content\/uploads\/2023\/06\/Snimka-zaslona-2023-06-29-161640-1024x683.png\" alt=\"\" class=\"wp-image-1421\" srcset=\"https:\/\/edihadria.eu\/wp-content\/uploads\/2023\/06\/Snimka-zaslona-2023-06-29-161640-1024x683.png 1024w, https:\/\/edihadria.eu\/wp-content\/uploads\/2023\/06\/Snimka-zaslona-2023-06-29-161640-300x200.png 300w, https:\/\/edihadria.eu\/wp-content\/uploads\/2023\/06\/Snimka-zaslona-2023-06-29-161640-768x512.png 768w, https:\/\/edihadria.eu\/wp-content\/uploads\/2023\/06\/Snimka-zaslona-2023-06-29-161640-1536x1024.png 1536w, https:\/\/edihadria.eu\/wp-content\/uploads\/2023\/06\/Snimka-zaslona-2023-06-29-161640-2048x1365.png 2048w\" sizes=\"(max-width: 1024px) 100vw, 1024px\" \/><figcaption class=\"wp-element-caption\">Marko Dobrovi\u0107, 3LHD (Source: C2BIM)<\/figcaption><\/figure>","protected":false},"excerpt":{"rendered":"<p>EDIH ADRIA project was presented at the successful C2BIM conference, a large auditorium of experts in the field of urbanism, architecture and construction. The need to accelerate the transition of small entrepreneurs to complex BIM and Digital Twin solutions was addressed, the only way to remain competitive in the world of globalised services \u2013 of course with the help of EDIH. A number of new technological [...]<\/p>","protected":false},"author":6,"featured_media":1419,"comment_status":"closed","ping_status":"open","sticky":false,"template":"","format":"standard","meta":{"footnotes":""},"categories":[50],"tags":[55,56,52],"class_list":["post-1366","post","type-post","status-publish","format-standard","has-post-thumbnail","hentry","category-novosti","tag-bim","tag-digitalni-blizanci","tag-national"],"yoast_head":"<!-- This site is optimized with the Yoast SEO plugin v28.3 - https:\/\/yoast.com\/product\/yoast-seo-wordpress\/ -->\n<title>Digitalni blizanci i integracija IoT platformi na C2BIM konferenciji - Digitalizacija Jadranske Hrvatske<\/title>\n<meta name=\"robots\" content=\"index, follow, max-snippet:-1, max-image-preview:large, max-video-preview:-1\" \/>\n<link rel=\"canonical\" href=\"https:\/\/edihadria.eu\/en\/digitalni-blizanci-i-integracija-iot-platformi-na-c2bim-konferenciji\/\" \/>\n<meta property=\"og:locale\" content=\"en_GB\" \/>\n<meta property=\"og:type\" content=\"article\" \/>\n<meta property=\"og:title\" content=\"Digitalni blizanci i integracija IoT platformi na C2BIM konferenciji - Digitalizacija Jadranske Hrvatske\" \/>\n<meta property=\"og:description\" content=\"EDIH ADRIA projekt predstavljen je na uspje\u0161noj C2BIM konferenciji, brojnom auditoriju eksperata iz podru\u010dja urbanizma, arhitekture i gra\u0111evinarstva. Tematizirana je potreba br\u017eeg prelaska malih poduzetnika na kompleksna BIM i Digital Twin rje\u0161enja, to je jedini na\u010din da ostanu kompetitivni u svijetu globaliziranih servisa &#8211; naravno uz pomo\u0107 EDIH-a. Na konferenciji su predstavljena brojna nova tehnolo\u0161ka [&hellip;]\" \/>\n<meta property=\"og:url\" content=\"https:\/\/edihadria.eu\/en\/digitalni-blizanci-i-integracija-iot-platformi-na-c2bim-konferenciji\/\" \/>\n<meta property=\"og:site_name\" content=\"Digitalizacija Jadranske Hrvatske\" \/>\n<meta property=\"article:published_time\" content=\"2023-03-19T12:30:00+00:00\" \/>\n<meta property=\"article:modified_time\" content=\"2023-06-29T14:27:37+00:00\" \/>\n<meta property=\"og:image\" content=\"https:\/\/edihadria.eu\/wp-content\/uploads\/2023\/06\/Snimka-zaslona-2023-06-29-161352-1024x683.png\" \/>\n\t<meta property=\"og:image:width\" content=\"1024\" \/>\n\t<meta property=\"og:image:height\" content=\"683\" \/>\n\t<meta property=\"og:image:type\" content=\"image\/png\" \/>\n<meta name=\"author\" content=\"Emira Brki\u0107 Karnin\u010di\u0107\" \/>\n<meta name=\"twitter:card\" content=\"summary_large_image\" \/>\n<meta name=\"twitter:label1\" content=\"Written by\" \/>\n\t<meta name=\"twitter:data1\" content=\"Emira Brki\u0107 Karnin\u010di\u0107\" \/>\n\t<meta name=\"twitter:label2\" content=\"Estimated reading time\" \/>\n\t<meta name=\"twitter:data2\" content=\"2 minutes\" \/>\n<script type=\"application\/ld+json\" class=\"yoast-schema-graph\">{\"@context\":\"https:\\\/\\\/schema.org\",\"@graph\":[{\"@type\":\"Article\",\"@id\":\"https:\\\/\\\/edihadria.eu\\\/digitalni-blizanci-i-integracija-iot-platformi-na-c2bim-konferenciji\\\/#article\",\"isPartOf\":{\"@id\":\"https:\\\/\\\/edihadria.eu\\\/digitalni-blizanci-i-integracija-iot-platformi-na-c2bim-konferenciji\\\/\"},\"author\":{\"name\":\"Emira Brki\u0107 Karnin\u010di\u0107\",\"@id\":\"https:\\\/\\\/edihadria.eu\\\/#\\\/schema\\\/person\\\/94df10824533eca3d05833421d2ba13e\"},\"headline\":\"Digitalni blizanci i integracija IoT platformi na C2BIM konferenciji\",\"datePublished\":\"2023-03-19T12:30:00+00:00\",\"dateModified\":\"2023-06-29T14:27:37+00:00\",\"mainEntityOfPage\":{\"@id\":\"https:\\\/\\\/edihadria.eu\\\/digitalni-blizanci-i-integracija-iot-platformi-na-c2bim-konferenciji\\\/\"},\"wordCount\":139,\"publisher\":{\"@id\":\"https:\\\/\\\/edihadria.eu\\\/#organization\"},\"image\":{\"@id\":\"https:\\\/\\\/edihadria.eu\\\/digitalni-blizanci-i-integracija-iot-platformi-na-c2bim-konferenciji\\\/#primaryimage\"},\"thumbnailUrl\":\"https:\\\/\\\/edihadria.eu\\\/wp-content\\\/uploads\\\/2023\\\/06\\\/Snimka-zaslona-2023-06-29-161352.png\",\"keywords\":[\"BIM\",\"Digitalni blizanci\",\"National\"],\"articleSection\":[\"Novosti\"],\"inLanguage\":\"en-GB\"},{\"@type\":\"WebPage\",\"@id\":\"https:\\\/\\\/edihadria.eu\\\/digitalni-blizanci-i-integracija-iot-platformi-na-c2bim-konferenciji\\\/\",\"url\":\"https:\\\/\\\/edihadria.eu\\\/digitalni-blizanci-i-integracija-iot-platformi-na-c2bim-konferenciji\\\/\",\"name\":\"Digitalni blizanci i integracija IoT platformi na C2BIM konferenciji - Digitalizacija Jadranske Hrvatske\",\"isPartOf\":{\"@id\":\"https:\\\/\\\/edihadria.eu\\\/#website\"},\"primaryImageOfPage\":{\"@id\":\"https:\\\/\\\/edihadria.eu\\\/digitalni-blizanci-i-integracija-iot-platformi-na-c2bim-konferenciji\\\/#primaryimage\"},\"image\":{\"@id\":\"https:\\\/\\\/edihadria.eu\\\/digitalni-blizanci-i-integracija-iot-platformi-na-c2bim-konferenciji\\\/#primaryimage\"},\"thumbnailUrl\":\"https:\\\/\\\/edihadria.eu\\\/wp-content\\\/uploads\\\/2023\\\/06\\\/Snimka-zaslona-2023-06-29-161352.png\",\"datePublished\":\"2023-03-19T12:30:00+00:00\",\"dateModified\":\"2023-06-29T14:27:37+00:00\",\"breadcrumb\":{\"@id\":\"https:\\\/\\\/edihadria.eu\\\/digitalni-blizanci-i-integracija-iot-platformi-na-c2bim-konferenciji\\\/#breadcrumb\"},\"inLanguage\":\"en-GB\",\"potentialAction\":[{\"@type\":\"ReadAction\",\"target\":[\"https:\\\/\\\/edihadria.eu\\\/digitalni-blizanci-i-integracija-iot-platformi-na-c2bim-konferenciji\\\/\"]}]},{\"@type\":\"ImageObject\",\"inLanguage\":\"en-GB\",\"@id\":\"https:\\\/\\\/edihadria.eu\\\/digitalni-blizanci-i-integracija-iot-platformi-na-c2bim-konferenciji\\\/#primaryimage\",\"url\":\"https:\\\/\\\/edihadria.eu\\\/wp-content\\\/uploads\\\/2023\\\/06\\\/Snimka-zaslona-2023-06-29-161352.png\",\"contentUrl\":\"https:\\\/\\\/edihadria.eu\\\/wp-content\\\/uploads\\\/2023\\\/06\\\/Snimka-zaslona-2023-06-29-161352.png\",\"width\":2545,\"height\":1698},{\"@type\":\"BreadcrumbList\",\"@id\":\"https:\\\/\\\/edihadria.eu\\\/digitalni-blizanci-i-integracija-iot-platformi-na-c2bim-konferenciji\\\/#breadcrumb\",\"itemListElement\":[{\"@type\":\"ListItem\",\"position\":1,\"name\":\"Po\u010detna stranica\",\"item\":\"https:\\\/\\\/edihadria.eu\\\/\"},{\"@type\":\"ListItem\",\"position\":2,\"name\":\"Digitalni blizanci i integracija IoT platformi na C2BIM konferenciji\"}]},{\"@type\":\"WebSite\",\"@id\":\"https:\\\/\\\/edihadria.eu\\\/#website\",\"url\":\"https:\\\/\\\/edihadria.eu\\\/\",\"name\":\"Digitalizacija Jadranske Hrvatske\",\"description\":\"EDIH Adria\",\"publisher\":{\"@id\":\"https:\\\/\\\/edihadria.eu\\\/#organization\"},\"potentialAction\":[{\"@type\":\"SearchAction\",\"target\":{\"@type\":\"EntryPoint\",\"urlTemplate\":\"https:\\\/\\\/edihadria.eu\\\/?s={search_term_string}\"},\"query-input\":{\"@type\":\"PropertyValueSpecification\",\"valueRequired\":true,\"valueName\":\"search_term_string\"}}],\"inLanguage\":\"en-GB\"},{\"@type\":\"Organization\",\"@id\":\"https:\\\/\\\/edihadria.eu\\\/#organization\",\"name\":\"Digitalizacija Jadranske Hrvatske\",\"url\":\"https:\\\/\\\/edihadria.eu\\\/\",\"logo\":{\"@type\":\"ImageObject\",\"inLanguage\":\"en-GB\",\"@id\":\"https:\\\/\\\/edihadria.eu\\\/#\\\/schema\\\/logo\\\/image\\\/\",\"url\":\"https:\\\/\\\/edihadria.eu\\\/wp-content\\\/uploads\\\/2022\\\/11\\\/Logo-dark.png\",\"contentUrl\":\"https:\\\/\\\/edihadria.eu\\\/wp-content\\\/uploads\\\/2022\\\/11\\\/Logo-dark.png\",\"width\":477,\"height\":168,\"caption\":\"Digitalizacija Jadranske Hrvatske\"},\"image\":{\"@id\":\"https:\\\/\\\/edihadria.eu\\\/#\\\/schema\\\/logo\\\/image\\\/\"}},{\"@type\":\"Person\",\"@id\":\"https:\\\/\\\/edihadria.eu\\\/#\\\/schema\\\/person\\\/94df10824533eca3d05833421d2ba13e\",\"name\":\"Emira Brki\u0107 Karnin\u010di\u0107\",\"image\":{\"@type\":\"ImageObject\",\"inLanguage\":\"en-GB\",\"@id\":\"https:\\\/\\\/secure.gravatar.com\\\/avatar\\\/58d43152b49f80266f4b77e32b6c0b6906b893055e2ac7146e54259130e7f780?s=96&d=mm&r=g\",\"url\":\"https:\\\/\\\/secure.gravatar.com\\\/avatar\\\/58d43152b49f80266f4b77e32b6c0b6906b893055e2ac7146e54259130e7f780?s=96&d=mm&r=g\",\"contentUrl\":\"https:\\\/\\\/secure.gravatar.com\\\/avatar\\\/58d43152b49f80266f4b77e32b6c0b6906b893055e2ac7146e54259130e7f780?s=96&d=mm&r=g\",\"caption\":\"Emira Brki\u0107 Karnin\u010di\u0107\"},\"url\":\"https:\\\/\\\/edihadria.eu\\\/en\\\/author\\\/emira\\\/\"}]}<\/script>\n<!-- \/ Yoast SEO plugin. -->","yoast_head_json":{"title":"Digitalni blizanci i integracija IoT platformi na C2BIM konferenciji - Digitalizacija Jadranske Hrvatske","robots":{"index":"index","follow":"follow","max-snippet":"max-snippet:-1","max-image-preview":"max-image-preview:large","max-video-preview":"max-video-preview:-1"},"canonical":"https:\/\/edihadria.eu\/en\/digitalni-blizanci-i-integracija-iot-platformi-na-c2bim-konferenciji\/","og_locale":"en_GB","og_type":"article","og_title":"Digitalni blizanci i integracija IoT platformi na C2BIM konferenciji - Digitalizacija Jadranske Hrvatske","og_description":"EDIH ADRIA projekt predstavljen je na uspje\u0161noj C2BIM konferenciji, brojnom auditoriju eksperata iz podru\u010dja urbanizma, arhitekture i gra\u0111evinarstva. Tematizirana je potreba br\u017eeg prelaska malih poduzetnika na kompleksna BIM i Digital Twin rje\u0161enja, to je jedini na\u010din da ostanu kompetitivni u svijetu globaliziranih servisa &#8211; naravno uz pomo\u0107 EDIH-a. Na konferenciji su predstavljena brojna nova tehnolo\u0161ka [&hellip;]","og_url":"https:\/\/edihadria.eu\/en\/digitalni-blizanci-i-integracija-iot-platformi-na-c2bim-konferenciji\/","og_site_name":"Digitalizacija Jadranske Hrvatske","article_published_time":"2023-03-19T12:30:00+00:00","article_modified_time":"2023-06-29T14:27:37+00:00","og_image":[{"width":1024,"height":683,"url":"https:\/\/edihadria.eu\/wp-content\/uploads\/2023\/06\/Snimka-zaslona-2023-06-29-161352-1024x683.png","type":"image\/png"}],"author":"Emira Brki\u0107 Karnin\u010di\u0107","twitter_card":"summary_large_image","twitter_misc":{"Written by":"Emira Brki\u0107 Karnin\u010di\u0107","Estimated reading time":"2 minutes"},"schema":{"@context":"https:\/\/schema.org","@graph":[{"@type":"Article","@id":"https:\/\/edihadria.eu\/digitalni-blizanci-i-integracija-iot-platformi-na-c2bim-konferenciji\/#article","isPartOf":{"@id":"https:\/\/edihadria.eu\/digitalni-blizanci-i-integracija-iot-platformi-na-c2bim-konferenciji\/"},"author":{"name":"Emira Brki\u0107 Karnin\u010di\u0107","@id":"https:\/\/edihadria.eu\/#\/schema\/person\/94df10824533eca3d05833421d2ba13e"},"headline":"Digitalni blizanci i integracija IoT platformi na C2BIM konferenciji","datePublished":"2023-03-19T12:30:00+00:00","dateModified":"2023-06-29T14:27:37+00:00","mainEntityOfPage":{"@id":"https:\/\/edihadria.eu\/digitalni-blizanci-i-integracija-iot-platformi-na-c2bim-konferenciji\/"},"wordCount":139,"publisher":{"@id":"https:\/\/edihadria.eu\/#organization"},"image":{"@id":"https:\/\/edihadria.eu\/digitalni-blizanci-i-integracija-iot-platformi-na-c2bim-konferenciji\/#primaryimage"},"thumbnailUrl":"https:\/\/edihadria.eu\/wp-content\/uploads\/2023\/06\/Snimka-zaslona-2023-06-29-161352.png","keywords":["BIM","Digitalni blizanci","National"],"articleSection":["Novosti"],"inLanguage":"en-GB"},{"@type":"WebPage","@id":"https:\/\/edihadria.eu\/digitalni-blizanci-i-integracija-iot-platformi-na-c2bim-konferenciji\/","url":"https:\/\/edihadria.eu\/digitalni-blizanci-i-integracija-iot-platformi-na-c2bim-konferenciji\/","name":"Digitalni blizanci i integracija IoT platformi na C2BIM konferenciji - Digitalizacija Jadranske Hrvatske","isPartOf":{"@id":"https:\/\/edihadria.eu\/#website"},"primaryImageOfPage":{"@id":"https:\/\/edihadria.eu\/digitalni-blizanci-i-integracija-iot-platformi-na-c2bim-konferenciji\/#primaryimage"},"image":{"@id":"https:\/\/edihadria.eu\/digitalni-blizanci-i-integracija-iot-platformi-na-c2bim-konferenciji\/#primaryimage"},"thumbnailUrl":"https:\/\/edihadria.eu\/wp-content\/uploads\/2023\/06\/Snimka-zaslona-2023-06-29-161352.png","datePublished":"2023-03-19T12:30:00+00:00","dateModified":"2023-06-29T14:27:37+00:00","breadcrumb":{"@id":"https:\/\/edihadria.eu\/digitalni-blizanci-i-integracija-iot-platformi-na-c2bim-konferenciji\/#breadcrumb"},"inLanguage":"en-GB","potentialAction":[{"@type":"ReadAction","target":["https:\/\/edihadria.eu\/digitalni-blizanci-i-integracija-iot-platformi-na-c2bim-konferenciji\/"]}]},{"@type":"ImageObject","inLanguage":"en-GB","@id":"https:\/\/edihadria.eu\/digitalni-blizanci-i-integracija-iot-platformi-na-c2bim-konferenciji\/#primaryimage","url":"https:\/\/edihadria.eu\/wp-content\/uploads\/2023\/06\/Snimka-zaslona-2023-06-29-161352.png","contentUrl":"https:\/\/edihadria.eu\/wp-content\/uploads\/2023\/06\/Snimka-zaslona-2023-06-29-161352.png","width":2545,"height":1698},{"@type":"BreadcrumbList","@id":"https:\/\/edihadria.eu\/digitalni-blizanci-i-integracija-iot-platformi-na-c2bim-konferenciji\/#breadcrumb","itemListElement":[{"@type":"ListItem","position":1,"name":"Po\u010detna stranica","item":"https:\/\/edihadria.eu\/"},{"@type":"ListItem","position":2,"name":"Digitalni blizanci i integracija IoT platformi na C2BIM konferenciji"}]},{"@type":"WebSite","@id":"https:\/\/edihadria.eu\/#website","url":"https:\/\/edihadria.eu\/","name":"Digitalizacija Jadranske Hrvatske","description":"EDIH Adria","publisher":{"@id":"https:\/\/edihadria.eu\/#organization"},"potentialAction":[{"@type":"SearchAction","target":{"@type":"EntryPoint","urlTemplate":"https:\/\/edihadria.eu\/?s={search_term_string}"},"query-input":{"@type":"PropertyValueSpecification","valueRequired":true,"valueName":"search_term_string"}}],"inLanguage":"en-GB"},{"@type":"Organization","@id":"https:\/\/edihadria.eu\/#organization","name":"Digitalizacija Jadranske Hrvatske","url":"https:\/\/edihadria.eu\/","logo":{"@type":"ImageObject","inLanguage":"en-GB","@id":"https:\/\/edihadria.eu\/#\/schema\/logo\/image\/","url":"https:\/\/edihadria.eu\/wp-content\/uploads\/2022\/11\/Logo-dark.png","contentUrl":"https:\/\/edihadria.eu\/wp-content\/uploads\/2022\/11\/Logo-dark.png","width":477,"height":168,"caption":"Digitalizacija Jadranske Hrvatske"},"image":{"@id":"https:\/\/edihadria.eu\/#\/schema\/logo\/image\/"}},{"@type":"Person","@id":"https:\/\/edihadria.eu\/#\/schema\/person\/94df10824533eca3d05833421d2ba13e","name":"Emira Brki\u0107 Karnin\u010di\u0107","image":{"@type":"ImageObject","inLanguage":"en-GB","@id":"https:\/\/secure.gravatar.com\/avatar\/58d43152b49f80266f4b77e32b6c0b6906b893055e2ac7146e54259130e7f780?s=96&d=mm&r=g","url":"https:\/\/secure.gravatar.com\/avatar\/58d43152b49f80266f4b77e32b6c0b6906b893055e2ac7146e54259130e7f780?s=96&d=mm&r=g","contentUrl":"https:\/\/secure.gravatar.com\/avatar\/58d43152b49f80266f4b77e32b6c0b6906b893055e2ac7146e54259130e7f780?s=96&d=mm&r=g","caption":"Emira Brki\u0107 Karnin\u010di\u0107"},"url":"https:\/\/edihadria.eu\/en\/author\/emira\/"}]}},"_links":{"self":[{"href":"https:\/\/edihadria.eu\/en\/wp-json\/wp\/v2\/posts\/1366","targetHints":{"allow":["GET"]}}],"collection":[{"href":"https:\/\/edihadria.eu\/en\/wp-json\/wp\/v2\/posts"}],"about":[{"href":"https:\/\/edihadria.eu\/en\/wp-json\/wp\/v2\/types\/post"}],"author":[{"embeddable":true,"href":"https:\/\/edihadria.eu\/en\/wp-json\/wp\/v2\/users\/6"}],"replies":[{"embeddable":true,"href":"https:\/\/edihadria.eu\/en\/wp-json\/wp\/v2\/comments?post=1366"}],"version-history":[{"count":3,"href":"https:\/\/edihadria.eu\/en\/wp-json\/wp\/v2\/posts\/1366\/revisions"}],"predecessor-version":[{"id":1424,"href":"https:\/\/edihadria.eu\/en\/wp-json\/wp\/v2\/posts\/1366\/revisions\/1424"}],"wp:featuredmedia":[{"embeddable":true,"href":"https:\/\/edihadria.eu\/en\/wp-json\/wp\/v2\/media\/1419"}],"wp:attachment":[{"href":"https:\/\/edihadria.eu\/en\/wp-json\/wp\/v2\/media?parent=1366"}],"wp:term":[{"taxonomy":"category","embeddable":true,"href":"https:\/\/edihadria.eu\/en\/wp-json\/wp\/v2\/categories?post=1366"},{"taxonomy":"post_tag","embeddable":true,"href":"https:\/\/edihadria.eu\/en\/wp-json\/wp\/v2\/tags?post=1366"}],"curies":[{"name":"wp","href":"https:\/\/api.w.org\/{rel}","templated":true}]}}