{"id":1372,"date":"2023-04-20T13:51:38","date_gmt":"2023-04-20T11:51:38","guid":{"rendered":"https:\/\/edihadria.eu\/?p=1372"},"modified":"2023-06-29T15:41:22","modified_gmt":"2023-06-29T13:41:22","slug":"dih-world-community-days-2023","status":"publish","type":"post","link":"https:\/\/edihadria.eu\/en\/dih-world-community-days-2023\/","title":{"rendered":"DIH World Community Days 2023"},"content":{"rendered":"<p class=\"wp-block-paragraph\"><strong>Wednesday 19 April 2023<\/strong> Development agency SIMORA organized an online event as part of the project <a href=\"https:\/\/rk-smz.hr\/dih-world\/\">DIH World<\/a> on the subject <strong>DIGITAL MILLIONS<\/strong> \u2013 virtual product models and business systems!<\/p>\n\n\n\n<p class=\"wp-block-paragraph\">This event hosted various regional and international speakers from the private and public sectors, the academic\/educational sector, the world of entrepreneurship and (European) digital innovation hubs who presented numerous <strong>Opportunities and Opportunities of Digital Twins<\/strong>&nbsp;in different areas and activities, as well as show real&nbsp;<strong>examples of the use of such technological solutions<\/strong>.<\/p>\n\n\n\n<figure class=\"wp-block-image size-large\"><img fetchpriority=\"high\" decoding=\"async\" width=\"951\" height=\"1024\" src=\"https:\/\/edihadria.eu\/wp-content\/uploads\/2023\/04\/Snimka-zaslona-2023-03-16-192526-951x1024.png\" alt=\"\" class=\"wp-image-1394\" srcset=\"https:\/\/edihadria.eu\/wp-content\/uploads\/2023\/04\/Snimka-zaslona-2023-03-16-192526-951x1024.png 951w, https:\/\/edihadria.eu\/wp-content\/uploads\/2023\/04\/Snimka-zaslona-2023-03-16-192526-279x300.png 279w, https:\/\/edihadria.eu\/wp-content\/uploads\/2023\/04\/Snimka-zaslona-2023-03-16-192526-768x827.png 768w, https:\/\/edihadria.eu\/wp-content\/uploads\/2023\/04\/Snimka-zaslona-2023-03-16-192526.png 1207w\" sizes=\"(max-width: 951px) 100vw, 951px\" \/><\/figure>\n\n\n\n<p class=\"wp-block-paragraph\">Also, the opportunities that digital twins, as a modern technological solution, offer for <strong>product improvement<\/strong>, but also complete <strong>business systems<\/strong>.<\/p>\n\n\n\n<p class=\"wp-block-paragraph\">EDIH Adria presented its own view of the construction of digital twins and how the project can help small urban and architectural bureaus in particular.<\/p>","protected":false},"excerpt":{"rendered":"<p>Wednesday 19 April 2023 The SIMORA development agency organised an online event as part of the DIH World project on DIGITAL BLIZANS \u2013 virtual product models and business systems! This event hosted various regional and international speakers from the private and public sectors, the academic\/educational sector, the world of entrepreneurship and (European) digital innovation hubs who presented numerous opportunities and [...]<\/p>","protected":false},"author":6,"featured_media":1386,"comment_status":"closed","ping_status":"open","sticky":false,"template":"","format":"standard","meta":{"footnotes":""},"categories":[50],"tags":[51],"class_list":["post-1372","post","type-post","status-publish","format-standard","has-post-thumbnail","hentry","category-novosti","tag-international"],"yoast_head":"<!-- This site is optimized with the Yoast SEO plugin v28.3 - https:\/\/yoast.com\/product\/yoast-seo-wordpress\/ -->\n<title>DIH World Community Days 2023 - Digitalizacija Jadranske Hrvatske<\/title>\n<meta name=\"robots\" content=\"index, follow, max-snippet:-1, max-image-preview:large, max-video-preview:-1\" \/>\n<link rel=\"canonical\" href=\"https:\/\/edihadria.eu\/en\/dih-world-community-days-2023\/\" \/>\n<meta property=\"og:locale\" content=\"en_GB\" \/>\n<meta property=\"og:type\" content=\"article\" \/>\n<meta property=\"og:title\" content=\"DIH World Community Days 2023 - Digitalizacija Jadranske Hrvatske\" \/>\n<meta property=\"og:description\" content=\"U srijedu, 19.4.2023. Razvojna agencija SIMORA organizirala je online event u sklopu projekta DIH World na temu DIGITALNIH BLIZANACA \u2013 virtualnih modela proizvoda i poslovnih sustava! Ovaj event ugostio je razli\u010dite regionalne i me\u0111unarodne govornike iz privatnog i javnog sektora, akademskog\/obrazovnog sektora, svijeta poduzetni\u0161tva te (europskih) digitalnih inovacijskih hubova koji su predstavili brojne prilike i [&hellip;]\" \/>\n<meta property=\"og:url\" content=\"https:\/\/edihadria.eu\/en\/dih-world-community-days-2023\/\" \/>\n<meta property=\"og:site_name\" content=\"Digitalizacija Jadranske Hrvatske\" \/>\n<meta property=\"article:published_time\" content=\"2023-04-20T11:51:38+00:00\" \/>\n<meta property=\"article:modified_time\" content=\"2023-06-29T13:41:22+00:00\" \/>\n<meta property=\"og:image\" content=\"https:\/\/edihadria.eu\/wp-content\/uploads\/2023\/06\/Picture1.png\" \/>\n\t<meta property=\"og:image:width\" content=\"1053\" \/>\n\t<meta property=\"og:image:height\" content=\"593\" \/>\n\t<meta property=\"og:image:type\" content=\"image\/png\" \/>\n<meta name=\"author\" content=\"Emira Brki\u0107 Karnin\u010di\u0107\" \/>\n<meta name=\"twitter:card\" content=\"summary_large_image\" \/>\n<meta name=\"twitter:label1\" content=\"Written by\" \/>\n\t<meta name=\"twitter:data1\" content=\"Emira Brki\u0107 Karnin\u010di\u0107\" \/>\n\t<meta name=\"twitter:label2\" content=\"Estimated reading time\" \/>\n\t<meta name=\"twitter:data2\" content=\"1 minute\" \/>\n<script type=\"application\/ld+json\" class=\"yoast-schema-graph\">{\"@context\":\"https:\\\/\\\/schema.org\",\"@graph\":[{\"@type\":\"Article\",\"@id\":\"https:\\\/\\\/edihadria.eu\\\/dih-world-community-days-2023\\\/#article\",\"isPartOf\":{\"@id\":\"https:\\\/\\\/edihadria.eu\\\/dih-world-community-days-2023\\\/\"},\"author\":{\"name\":\"Emira Brki\u0107 Karnin\u010di\u0107\",\"@id\":\"https:\\\/\\\/edihadria.eu\\\/#\\\/schema\\\/person\\\/94df10824533eca3d05833421d2ba13e\"},\"headline\":\"DIH World Community Days 2023\",\"datePublished\":\"2023-04-20T11:51:38+00:00\",\"dateModified\":\"2023-06-29T13:41:22+00:00\",\"mainEntityOfPage\":{\"@id\":\"https:\\\/\\\/edihadria.eu\\\/dih-world-community-days-2023\\\/\"},\"wordCount\":137,\"publisher\":{\"@id\":\"https:\\\/\\\/edihadria.eu\\\/#organization\"},\"image\":{\"@id\":\"https:\\\/\\\/edihadria.eu\\\/dih-world-community-days-2023\\\/#primaryimage\"},\"thumbnailUrl\":\"https:\\\/\\\/edihadria.eu\\\/wp-content\\\/uploads\\\/2023\\\/06\\\/Picture1.png\",\"keywords\":[\"International\"],\"articleSection\":[\"Novosti\"],\"inLanguage\":\"en-GB\"},{\"@type\":\"WebPage\",\"@id\":\"https:\\\/\\\/edihadria.eu\\\/dih-world-community-days-2023\\\/\",\"url\":\"https:\\\/\\\/edihadria.eu\\\/dih-world-community-days-2023\\\/\",\"name\":\"DIH World Community Days 2023 - Digitalizacija Jadranske Hrvatske\",\"isPartOf\":{\"@id\":\"https:\\\/\\\/edihadria.eu\\\/#website\"},\"primaryImageOfPage\":{\"@id\":\"https:\\\/\\\/edihadria.eu\\\/dih-world-community-days-2023\\\/#primaryimage\"},\"image\":{\"@id\":\"https:\\\/\\\/edihadria.eu\\\/dih-world-community-days-2023\\\/#primaryimage\"},\"thumbnailUrl\":\"https:\\\/\\\/edihadria.eu\\\/wp-content\\\/uploads\\\/2023\\\/06\\\/Picture1.png\",\"datePublished\":\"2023-04-20T11:51:38+00:00\",\"dateModified\":\"2023-06-29T13:41:22+00:00\",\"breadcrumb\":{\"@id\":\"https:\\\/\\\/edihadria.eu\\\/dih-world-community-days-2023\\\/#breadcrumb\"},\"inLanguage\":\"en-GB\",\"potentialAction\":[{\"@type\":\"ReadAction\",\"target\":[\"https:\\\/\\\/edihadria.eu\\\/dih-world-community-days-2023\\\/\"]}]},{\"@type\":\"ImageObject\",\"inLanguage\":\"en-GB\",\"@id\":\"https:\\\/\\\/edihadria.eu\\\/dih-world-community-days-2023\\\/#primaryimage\",\"url\":\"https:\\\/\\\/edihadria.eu\\\/wp-content\\\/uploads\\\/2023\\\/06\\\/Picture1.png\",\"contentUrl\":\"https:\\\/\\\/edihadria.eu\\\/wp-content\\\/uploads\\\/2023\\\/06\\\/Picture1.png\",\"width\":1053,\"height\":593},{\"@type\":\"BreadcrumbList\",\"@id\":\"https:\\\/\\\/edihadria.eu\\\/dih-world-community-days-2023\\\/#breadcrumb\",\"itemListElement\":[{\"@type\":\"ListItem\",\"position\":1,\"name\":\"Po\u010detna stranica\",\"item\":\"https:\\\/\\\/edihadria.eu\\\/\"},{\"@type\":\"ListItem\",\"position\":2,\"name\":\"DIH World Community Days 2023\"}]},{\"@type\":\"WebSite\",\"@id\":\"https:\\\/\\\/edihadria.eu\\\/#website\",\"url\":\"https:\\\/\\\/edihadria.eu\\\/\",\"name\":\"Digitalizacija Jadranske Hrvatske\",\"description\":\"EDIH Adria\",\"publisher\":{\"@id\":\"https:\\\/\\\/edihadria.eu\\\/#organization\"},\"potentialAction\":[{\"@type\":\"SearchAction\",\"target\":{\"@type\":\"EntryPoint\",\"urlTemplate\":\"https:\\\/\\\/edihadria.eu\\\/?s={search_term_string}\"},\"query-input\":{\"@type\":\"PropertyValueSpecification\",\"valueRequired\":true,\"valueName\":\"search_term_string\"}}],\"inLanguage\":\"en-GB\"},{\"@type\":\"Organization\",\"@id\":\"https:\\\/\\\/edihadria.eu\\\/#organization\",\"name\":\"Digitalizacija Jadranske Hrvatske\",\"url\":\"https:\\\/\\\/edihadria.eu\\\/\",\"logo\":{\"@type\":\"ImageObject\",\"inLanguage\":\"en-GB\",\"@id\":\"https:\\\/\\\/edihadria.eu\\\/#\\\/schema\\\/logo\\\/image\\\/\",\"url\":\"https:\\\/\\\/edihadria.eu\\\/wp-content\\\/uploads\\\/2022\\\/11\\\/Logo-dark.png\",\"contentUrl\":\"https:\\\/\\\/edihadria.eu\\\/wp-content\\\/uploads\\\/2022\\\/11\\\/Logo-dark.png\",\"width\":477,\"height\":168,\"caption\":\"Digitalizacija Jadranske Hrvatske\"},\"image\":{\"@id\":\"https:\\\/\\\/edihadria.eu\\\/#\\\/schema\\\/logo\\\/image\\\/\"}},{\"@type\":\"Person\",\"@id\":\"https:\\\/\\\/edihadria.eu\\\/#\\\/schema\\\/person\\\/94df10824533eca3d05833421d2ba13e\",\"name\":\"Emira Brki\u0107 Karnin\u010di\u0107\",\"image\":{\"@type\":\"ImageObject\",\"inLanguage\":\"en-GB\",\"@id\":\"https:\\\/\\\/secure.gravatar.com\\\/avatar\\\/58d43152b49f80266f4b77e32b6c0b6906b893055e2ac7146e54259130e7f780?s=96&d=mm&r=g\",\"url\":\"https:\\\/\\\/secure.gravatar.com\\\/avatar\\\/58d43152b49f80266f4b77e32b6c0b6906b893055e2ac7146e54259130e7f780?s=96&d=mm&r=g\",\"contentUrl\":\"https:\\\/\\\/secure.gravatar.com\\\/avatar\\\/58d43152b49f80266f4b77e32b6c0b6906b893055e2ac7146e54259130e7f780?s=96&d=mm&r=g\",\"caption\":\"Emira Brki\u0107 Karnin\u010di\u0107\"},\"url\":\"https:\\\/\\\/edihadria.eu\\\/en\\\/author\\\/emira\\\/\"}]}<\/script>\n<!-- \/ Yoast SEO plugin. -->","yoast_head_json":{"title":"DIH World Community Days 2023 - Digitalizacija Jadranske Hrvatske","robots":{"index":"index","follow":"follow","max-snippet":"max-snippet:-1","max-image-preview":"max-image-preview:large","max-video-preview":"max-video-preview:-1"},"canonical":"https:\/\/edihadria.eu\/en\/dih-world-community-days-2023\/","og_locale":"en_GB","og_type":"article","og_title":"DIH World Community Days 2023 - Digitalizacija Jadranske Hrvatske","og_description":"U srijedu, 19.4.2023. Razvojna agencija SIMORA organizirala je online event u sklopu projekta DIH World na temu DIGITALNIH BLIZANACA \u2013 virtualnih modela proizvoda i poslovnih sustava! Ovaj event ugostio je razli\u010dite regionalne i me\u0111unarodne govornike iz privatnog i javnog sektora, akademskog\/obrazovnog sektora, svijeta poduzetni\u0161tva te (europskih) digitalnih inovacijskih hubova koji su predstavili brojne prilike i [&hellip;]","og_url":"https:\/\/edihadria.eu\/en\/dih-world-community-days-2023\/","og_site_name":"Digitalizacija Jadranske Hrvatske","article_published_time":"2023-04-20T11:51:38+00:00","article_modified_time":"2023-06-29T13:41:22+00:00","og_image":[{"width":1053,"height":593,"url":"https:\/\/edihadria.eu\/wp-content\/uploads\/2023\/06\/Picture1.png","type":"image\/png"}],"author":"Emira Brki\u0107 Karnin\u010di\u0107","twitter_card":"summary_large_image","twitter_misc":{"Written by":"Emira Brki\u0107 Karnin\u010di\u0107","Estimated reading time":"1 minute"},"schema":{"@context":"https:\/\/schema.org","@graph":[{"@type":"Article","@id":"https:\/\/edihadria.eu\/dih-world-community-days-2023\/#article","isPartOf":{"@id":"https:\/\/edihadria.eu\/dih-world-community-days-2023\/"},"author":{"name":"Emira Brki\u0107 Karnin\u010di\u0107","@id":"https:\/\/edihadria.eu\/#\/schema\/person\/94df10824533eca3d05833421d2ba13e"},"headline":"DIH World Community Days 2023","datePublished":"2023-04-20T11:51:38+00:00","dateModified":"2023-06-29T13:41:22+00:00","mainEntityOfPage":{"@id":"https:\/\/edihadria.eu\/dih-world-community-days-2023\/"},"wordCount":137,"publisher":{"@id":"https:\/\/edihadria.eu\/#organization"},"image":{"@id":"https:\/\/edihadria.eu\/dih-world-community-days-2023\/#primaryimage"},"thumbnailUrl":"https:\/\/edihadria.eu\/wp-content\/uploads\/2023\/06\/Picture1.png","keywords":["International"],"articleSection":["Novosti"],"inLanguage":"en-GB"},{"@type":"WebPage","@id":"https:\/\/edihadria.eu\/dih-world-community-days-2023\/","url":"https:\/\/edihadria.eu\/dih-world-community-days-2023\/","name":"DIH World Community Days 2023 - Digitalizacija Jadranske Hrvatske","isPartOf":{"@id":"https:\/\/edihadria.eu\/#website"},"primaryImageOfPage":{"@id":"https:\/\/edihadria.eu\/dih-world-community-days-2023\/#primaryimage"},"image":{"@id":"https:\/\/edihadria.eu\/dih-world-community-days-2023\/#primaryimage"},"thumbnailUrl":"https:\/\/edihadria.eu\/wp-content\/uploads\/2023\/06\/Picture1.png","datePublished":"2023-04-20T11:51:38+00:00","dateModified":"2023-06-29T13:41:22+00:00","breadcrumb":{"@id":"https:\/\/edihadria.eu\/dih-world-community-days-2023\/#breadcrumb"},"inLanguage":"en-GB","potentialAction":[{"@type":"ReadAction","target":["https:\/\/edihadria.eu\/dih-world-community-days-2023\/"]}]},{"@type":"ImageObject","inLanguage":"en-GB","@id":"https:\/\/edihadria.eu\/dih-world-community-days-2023\/#primaryimage","url":"https:\/\/edihadria.eu\/wp-content\/uploads\/2023\/06\/Picture1.png","contentUrl":"https:\/\/edihadria.eu\/wp-content\/uploads\/2023\/06\/Picture1.png","width":1053,"height":593},{"@type":"BreadcrumbList","@id":"https:\/\/edihadria.eu\/dih-world-community-days-2023\/#breadcrumb","itemListElement":[{"@type":"ListItem","position":1,"name":"Po\u010detna stranica","item":"https:\/\/edihadria.eu\/"},{"@type":"ListItem","position":2,"name":"DIH World Community Days 2023"}]},{"@type":"WebSite","@id":"https:\/\/edihadria.eu\/#website","url":"https:\/\/edihadria.eu\/","name":"Digitalizacija Jadranske Hrvatske","description":"EDIH Adria","publisher":{"@id":"https:\/\/edihadria.eu\/#organization"},"potentialAction":[{"@type":"SearchAction","target":{"@type":"EntryPoint","urlTemplate":"https:\/\/edihadria.eu\/?s={search_term_string}"},"query-input":{"@type":"PropertyValueSpecification","valueRequired":true,"valueName":"search_term_string"}}],"inLanguage":"en-GB"},{"@type":"Organization","@id":"https:\/\/edihadria.eu\/#organization","name":"Digitalizacija Jadranske Hrvatske","url":"https:\/\/edihadria.eu\/","logo":{"@type":"ImageObject","inLanguage":"en-GB","@id":"https:\/\/edihadria.eu\/#\/schema\/logo\/image\/","url":"https:\/\/edihadria.eu\/wp-content\/uploads\/2022\/11\/Logo-dark.png","contentUrl":"https:\/\/edihadria.eu\/wp-content\/uploads\/2022\/11\/Logo-dark.png","width":477,"height":168,"caption":"Digitalizacija Jadranske Hrvatske"},"image":{"@id":"https:\/\/edihadria.eu\/#\/schema\/logo\/image\/"}},{"@type":"Person","@id":"https:\/\/edihadria.eu\/#\/schema\/person\/94df10824533eca3d05833421d2ba13e","name":"Emira Brki\u0107 Karnin\u010di\u0107","image":{"@type":"ImageObject","inLanguage":"en-GB","@id":"https:\/\/secure.gravatar.com\/avatar\/58d43152b49f80266f4b77e32b6c0b6906b893055e2ac7146e54259130e7f780?s=96&d=mm&r=g","url":"https:\/\/secure.gravatar.com\/avatar\/58d43152b49f80266f4b77e32b6c0b6906b893055e2ac7146e54259130e7f780?s=96&d=mm&r=g","contentUrl":"https:\/\/secure.gravatar.com\/avatar\/58d43152b49f80266f4b77e32b6c0b6906b893055e2ac7146e54259130e7f780?s=96&d=mm&r=g","caption":"Emira Brki\u0107 Karnin\u010di\u0107"},"url":"https:\/\/edihadria.eu\/en\/author\/emira\/"}]}},"_links":{"self":[{"href":"https:\/\/edihadria.eu\/en\/wp-json\/wp\/v2\/posts\/1372","targetHints":{"allow":["GET"]}}],"collection":[{"href":"https:\/\/edihadria.eu\/en\/wp-json\/wp\/v2\/posts"}],"about":[{"href":"https:\/\/edihadria.eu\/en\/wp-json\/wp\/v2\/types\/post"}],"author":[{"embeddable":true,"href":"https:\/\/edihadria.eu\/en\/wp-json\/wp\/v2\/users\/6"}],"replies":[{"embeddable":true,"href":"https:\/\/edihadria.eu\/en\/wp-json\/wp\/v2\/comments?post=1372"}],"version-history":[{"count":4,"href":"https:\/\/edihadria.eu\/en\/wp-json\/wp\/v2\/posts\/1372\/revisions"}],"predecessor-version":[{"id":1395,"href":"https:\/\/edihadria.eu\/en\/wp-json\/wp\/v2\/posts\/1372\/revisions\/1395"}],"wp:featuredmedia":[{"embeddable":true,"href":"https:\/\/edihadria.eu\/en\/wp-json\/wp\/v2\/media\/1386"}],"wp:attachment":[{"href":"https:\/\/edihadria.eu\/en\/wp-json\/wp\/v2\/media?parent=1372"}],"wp:term":[{"taxonomy":"category","embeddable":true,"href":"https:\/\/edihadria.eu\/en\/wp-json\/wp\/v2\/categories?post=1372"},{"taxonomy":"post_tag","embeddable":true,"href":"https:\/\/edihadria.eu\/en\/wp-json\/wp\/v2\/tags?post=1372"}],"curies":[{"name":"wp","href":"https:\/\/api.w.org\/{rel}","templated":true}]}}